{"id":6221,"date":"2026-04-27T09:25:22","date_gmt":"2026-04-27T12:25:22","guid":{"rendered":"https:\/\/www.novosertao.org.br\/?p=6221"},"modified":"2026-04-27T09:25:22","modified_gmt":"2026-04-27T12:25:22","slug":"alunas-do-bale-novo-sertao-conquistam-premio-em-petrolina-pe-e-vivem-sonho-no-festival-de-danca","status":"publish","type":"post","link":"https:\/\/www.novosertao.org.br\/en\/noticias\/alunas-do-bale-novo-sertao-conquistam-premio-em-petrolina-pe-e-vivem-sonho-no-festival-de-danca\/","title":{"rendered":"Alunas do bal\u00e9 Novo Sert\u00e3o conquistam pr\u00eamio em Petrolina-PE e vivem sonho no festival de dan\u00e7a!"},"content":{"rendered":"<p>No dia 19 de maio, a cidade de Petrolina (PE) foi palco de um grande Festival de Dan\u00e7a que reuniu grupos de diferentes regi\u00f5es em apresenta\u00e7\u00f5es marcadas por talento, emo\u00e7\u00e3o e muita dedica\u00e7\u00e3o. O evento se destacou como um verdadeiro espet\u00e1culo de arte, onde cada coreografia contou hist\u00f3rias e revelou sonhos.<\/p>\n\n\n\n<p>E foi nesse cen\u00e1rio que o talento do sert\u00e3o brilhou intensamente.<\/p>\n\n\n\n<figure class=\"wp-block-image size-large is-resized\"><img fetchpriority=\"high\" decoding=\"async\" width=\"1024\" height=\"768\" src=\"https:\/\/www.novosertao.org.br\/wp-content\/uploads\/2026\/04\/palco-1024x768.jpeg\" alt=\"\" class=\"wp-image-6230\" style=\"width:723px;height:auto\" srcset=\"https:\/\/www.novosertao.org.br\/wp-content\/uploads\/2026\/04\/palco-1024x768.jpeg 1024w, https:\/\/www.novosertao.org.br\/wp-content\/uploads\/2026\/04\/palco-300x225.jpeg 300w, https:\/\/www.novosertao.org.br\/wp-content\/uploads\/2026\/04\/palco-768x576.jpeg 768w, https:\/\/www.novosertao.org.br\/wp-content\/uploads\/2026\/04\/palco-1536x1152.jpeg 1536w, https:\/\/www.novosertao.org.br\/wp-content\/uploads\/2026\/04\/palco-2048x1536.jpeg 2048w, https:\/\/www.novosertao.org.br\/wp-content\/uploads\/2026\/04\/palco-16x12.jpeg 16w\" sizes=\"(max-width: 1024px) 100vw, 1024px\" \/><\/figure>\n\n\n\n<hr class=\"wp-block-separator has-alpha-channel-opacity\"\/>\n\n\n\n<h2 class=\"wp-block-heading\">Do Sert\u00e3o para o palco: um sonho em movimento<\/h2>\n\n\n\n<p>As alunas do bal\u00e9 do Instituto Novo Sert\u00e3o, vindas de Bet\u00e2nia do Piau\u00ed, embarcaram nessa jornada com um objetivo claro: mostrar que a arte transforma vidas e que seus sonhos podem ir muito al\u00e9m das fronteiras locais.<\/p>\n\n\n\n<p>A viagem at\u00e9 Petrolina foi mais do que um deslocamento geogr\u00e1fico, foi uma travessia de expectativas, coragem e supera\u00e7\u00e3o. Cada ensaio, cada esfor\u00e7o e cada desafio enfrentado ao longo do caminho se transformaram em combust\u00edvel para uma apresenta\u00e7\u00e3o memor\u00e1vel.<\/p>\n\n\n\n<p>Acompanhe de perto! <a href=\"https:\/\/www.instagram.com\/p\/DXfQ1F7EYO1\/?utm_source=ig_web_copy_link&amp;igsh=MzRlODBiNWFlZA==\">Veja o post!<\/a><\/p>\n\n\n\n<hr class=\"wp-block-separator has-alpha-channel-opacity\"\/>\n\n\n\n<h2 class=\"wp-block-heading\">Oportunidade que transforma vidas<\/h2>\n\n\n\n<p>Essa oportunidade representa um marco na hist\u00f3ria de Bet\u00e2nia do Piau\u00ed, j\u00e1 que, pela primeira vez, crian\u00e7as e jovens est\u00e3o tendo a chance de ir al\u00e9m de suas realidades locais por meio da arte.<br>Desde a implanta\u00e7\u00e3o do projeto, novas portas se abriram, permitindo que muitas alunas vivenciassem experi\u00eancias que antes pareciam distantes de sua realidade.<\/p>\n\n\n\n<p>Mais do que uma premia\u00e7\u00e3o, a conquista mostra o talento do sert\u00e3o e que essas alunas podem ir muito longe levando sua cultura para al\u00e9m das fronteiras.<\/p>\n\n\n\n<p>Descubra como o Instituto Novo Sert\u00e3o transforma vidas no Sert\u00e3o atrav\u00e9s da arte, da cultura e de experi\u00eancias que revelam talentos e constroem novos futuros. <a href=\"https:\/\/www.novosertao.org.br\/en\/projetos\/arte-e-cultura-no-sertao\/\">Click here.<\/a><\/p>\n\n\n\n<figure class=\"wp-block-image size-large is-resized\"><img decoding=\"async\" width=\"1024\" height=\"769\" src=\"https:\/\/www.novosertao.org.br\/wp-content\/uploads\/2026\/04\/julia-1024x769.jpeg\" alt=\"\" class=\"wp-image-6232\" style=\"width:773px;height:auto\" srcset=\"https:\/\/www.novosertao.org.br\/wp-content\/uploads\/2026\/04\/julia-1024x769.jpeg 1024w, https:\/\/www.novosertao.org.br\/wp-content\/uploads\/2026\/04\/julia-300x225.jpeg 300w, https:\/\/www.novosertao.org.br\/wp-content\/uploads\/2026\/04\/julia-768x577.jpeg 768w, https:\/\/www.novosertao.org.br\/wp-content\/uploads\/2026\/04\/julia-1536x1153.jpeg 1536w, https:\/\/www.novosertao.org.br\/wp-content\/uploads\/2026\/04\/julia-2048x1538.jpeg 2048w, https:\/\/www.novosertao.org.br\/wp-content\/uploads\/2026\/04\/julia-16x12.jpeg 16w\" sizes=\"(max-width: 1024px) 100vw, 1024px\" \/><\/figure>\n\n\n\n<hr class=\"wp-block-separator has-alpha-channel-opacity\"\/>\n\n\n\n<h2 class=\"wp-block-heading\">Muito al\u00e9m da premia\u00e7\u00e3o: o talento do sert\u00e3o ganha o mundo<\/h2>\n\n\n\n<p>A conquista em Petrolina mostra que o talento n\u00e3o tem limites geogr\u00e1ficos. Com incentivo, acesso e oportunidades, jovens do sert\u00e3o podem alcan\u00e7ar espa\u00e7os antes considerados distantes.<\/p>\n\n\n\n<p>Essas alunas agora carregam n\u00e3o apenas medalhas, mas tamb\u00e9m a responsabilidade e o orgulho de representar sua cultura e sua origem.<\/p>\n\n\n\n<figure class=\"wp-block-gallery has-nested-images columns-default is-cropped wp-block-gallery-1 is-layout-flex wp-block-gallery-is-layout-flex\">\n<figure class=\"wp-block-image size-large is-resized\"><img decoding=\"async\" width=\"768\" height=\"1024\" data-id=\"6233\" src=\"https:\/\/www.novosertao.org.br\/wp-content\/uploads\/2026\/04\/WhatsApp-Image-2026-04-23-at-08.55.20-768x1024.jpeg\" alt=\"\" class=\"wp-image-6233\" style=\"width:771px;height:auto\" srcset=\"https:\/\/www.novosertao.org.br\/wp-content\/uploads\/2026\/04\/WhatsApp-Image-2026-04-23-at-08.55.20-768x1023.jpeg 768w, https:\/\/www.novosertao.org.br\/wp-content\/uploads\/2026\/04\/WhatsApp-Image-2026-04-23-at-08.55.20-225x300.jpeg 225w, https:\/\/www.novosertao.org.br\/wp-content\/uploads\/2026\/04\/WhatsApp-Image-2026-04-23-at-08.55.20-1153x1536.jpeg 1153w, https:\/\/www.novosertao.org.br\/wp-content\/uploads\/2026\/04\/WhatsApp-Image-2026-04-23-at-08.55.20-1537x2048.jpeg 1537w, https:\/\/www.novosertao.org.br\/wp-content\/uploads\/2026\/04\/WhatsApp-Image-2026-04-23-at-08.55.20-9x12.jpeg 9w, https:\/\/www.novosertao.org.br\/wp-content\/uploads\/2026\/04\/WhatsApp-Image-2026-04-23-at-08.55.20.jpeg 1921w\" sizes=\"(max-width: 768px) 100vw, 768px\" \/><\/figure>\n\n\n\n<figure class=\"wp-block-image size-large is-resized\"><img loading=\"lazy\" decoding=\"async\" width=\"768\" height=\"1024\" data-id=\"6234\" src=\"https:\/\/www.novosertao.org.br\/wp-content\/uploads\/2026\/04\/WhatsApp-Image-2026-04-23-at-08.55.22-1-768x1024.jpeg\" alt=\"\" class=\"wp-image-6234\" style=\"width:771px;height:auto\" srcset=\"https:\/\/www.novosertao.org.br\/wp-content\/uploads\/2026\/04\/WhatsApp-Image-2026-04-23-at-08.55.22-1-768x1023.jpeg 768w, https:\/\/www.novosertao.org.br\/wp-content\/uploads\/2026\/04\/WhatsApp-Image-2026-04-23-at-08.55.22-1-225x300.jpeg 225w, https:\/\/www.novosertao.org.br\/wp-content\/uploads\/2026\/04\/WhatsApp-Image-2026-04-23-at-08.55.22-1-1153x1536.jpeg 1153w, https:\/\/www.novosertao.org.br\/wp-content\/uploads\/2026\/04\/WhatsApp-Image-2026-04-23-at-08.55.22-1-1537x2048.jpeg 1537w, https:\/\/www.novosertao.org.br\/wp-content\/uploads\/2026\/04\/WhatsApp-Image-2026-04-23-at-08.55.22-1-9x12.jpeg 9w, https:\/\/www.novosertao.org.br\/wp-content\/uploads\/2026\/04\/WhatsApp-Image-2026-04-23-at-08.55.22-1.jpeg 1921w\" sizes=\"(max-width: 768px) 100vw, 768px\" \/><\/figure>\n<\/figure>\n\n\n\n<hr class=\"wp-block-separator has-alpha-channel-opacity\"\/>\n\n\n\n<h2 class=\"wp-block-heading\">Apoio que transforma sonhos em realidade e quem acredita na for\u00e7a do Sert\u00e3o<\/h2>\n\n\n\n<p>Essa transforma\u00e7\u00e3o acontece porque pessoas acreditam na for\u00e7a do Sert\u00e3o, uma terra que pulsa talento, disciplina e sonhos poss\u00edveis. <br>Al\u00e9m disso, quando existem oportunidades e quem confia na nossa realidade, hist\u00f3rias como essa deixam de ser exce\u00e7\u00e3o e passam a inspirar toda uma gera\u00e7\u00e3o.<\/p>\n\n\n\n<p>Dessa forma, \u00e9 gra\u00e7as ao apoio e compromisso de iniciativas que investem na cultura que essas jovens conseguem ir t\u00e3o longe.<\/p>\n\n\n\n<p>Por isso, fica aqui o nosso sincero agradecimento a @aurenenergia, @btgpactual, @minc, @leirouanet, @dhlbrasil, ao Instituto Quadra e \u00e0 Lei do Incentivo \u00e0 Cultura, por tornarem esse sonho real e mostrarem que o Sert\u00e3o \u00e9, sim, um celeiro de grandes conquistas.<\/p>\n\n\n\n<p>Fa\u00e7a parte da transforma\u00e7\u00e3o que acontece no sert\u00e3o! <a href=\"https:\/\/www.novosertao.org.br\/en\/doe-agora\/\">Clique aqui!<\/a><\/p>\n\n\n<div class=\"wp-block-image\">\n<figure class=\"aligncenter size-large is-resized\"><img loading=\"lazy\" decoding=\"async\" width=\"1024\" height=\"769\" src=\"https:\/\/www.novosertao.org.br\/wp-content\/uploads\/2026\/04\/WhatsApp-Image-2026-04-23-at-08.55.22-2-1024x769.jpeg\" alt=\"\" class=\"wp-image-6235\" style=\"width:389px;height:auto\" srcset=\"https:\/\/www.novosertao.org.br\/wp-content\/uploads\/2026\/04\/WhatsApp-Image-2026-04-23-at-08.55.22-2-1024x769.jpeg 1024w, https:\/\/www.novosertao.org.br\/wp-content\/uploads\/2026\/04\/WhatsApp-Image-2026-04-23-at-08.55.22-2-300x225.jpeg 300w, https:\/\/www.novosertao.org.br\/wp-content\/uploads\/2026\/04\/WhatsApp-Image-2026-04-23-at-08.55.22-2-768x577.jpeg 768w, https:\/\/www.novosertao.org.br\/wp-content\/uploads\/2026\/04\/WhatsApp-Image-2026-04-23-at-08.55.22-2-1536x1153.jpeg 1536w, https:\/\/www.novosertao.org.br\/wp-content\/uploads\/2026\/04\/WhatsApp-Image-2026-04-23-at-08.55.22-2-2048x1538.jpeg 2048w, https:\/\/www.novosertao.org.br\/wp-content\/uploads\/2026\/04\/WhatsApp-Image-2026-04-23-at-08.55.22-2-16x12.jpeg 16w\" sizes=\"(max-width: 1024px) 100vw, 1024px\" \/><\/figure>\n<\/div>\n\n\n<hr class=\"wp-block-separator has-alpha-channel-opacity\"\/>\n\n\n\n<h2 class=\"wp-block-heading\"><strong>Together for a Transformed Sert\u00e3o!<\/strong><\/h2>\n\n\n<div class=\"wp-block-site-logo\"><a href=\"https:\/\/www.novosertao.org.br\/en\/\" class=\"custom-logo-link\" rel=\"home\"><img loading=\"lazy\" decoding=\"async\" width=\"180\" height=\"63\" src=\"https:\/\/www.novosertao.org.br\/wp-content\/uploads\/2022\/04\/logo-header.png\" class=\"custom-logo\" alt=\"Novo Sert\u00e3o\" srcset=\"https:\/\/www.novosertao.org.br\/wp-content\/uploads\/2022\/04\/logo-header.png 242w, https:\/\/www.novosertao.org.br\/wp-content\/uploads\/2022\/04\/logo-header-18x6.png 18w\" sizes=\"(max-width: 180px) 100vw, 180px\" \/><\/a><\/div>\n\n\n<p><\/p>","protected":false},"excerpt":{"rendered":"<p>No dia 19 de maio, a cidade de Petrolina (PE) foi palco de um grande Festival de Dan\u00e7a que reuniu grupos de diferentes regi\u00f5es em apresenta\u00e7\u00f5es marcadas por talento, emo\u00e7\u00e3o e muita dedica\u00e7\u00e3o. O evento se destacou como um verdadeiro espet\u00e1culo de arte, onde cada coreografia contou hist\u00f3rias e revelou sonhos. E foi nesse cen\u00e1rio&hellip; <a class=\"continue\" href=\"https:\/\/www.novosertao.org.br\/en\/noticias\/alunas-do-bale-novo-sertao-conquistam-premio-em-petrolina-pe-e-vivem-sonho-no-festival-de-danca\/\">Continue lendo<span> Alunas do bal\u00e9 Novo Sert\u00e3o conquistam pr\u00eamio em Petrolina-PE e vivem sonho no festival de dan\u00e7a!<\/span><\/a><\/p>","protected":false},"author":1,"featured_media":6230,"comment_status":"closed","ping_status":"closed","sticky":false,"template":"","format":"standard","meta":{"footnotes":""},"categories":[87,36],"tags":[],"class_list":["post-6221","post","type-post","status-publish","format-standard","has-post-thumbnail","hentry","category-bale","category-noticias"],"yoast_head":"<!-- This site is optimized with the Yoast SEO plugin v27.5 - https:\/\/yoast.com\/product\/yoast-seo-wordpress\/ -->\n<title>Festival de Dan\u00e7a celebra talento e transforma\u00e7\u00e3o no Sert\u00e3o!<\/title>\n<meta name=\"description\" content=\"Festival de Dan\u00e7a em Acau\u00e3-PI: Instituto Novo Sert\u00e3o conquista tr\u00eas premia\u00e7\u00f5es e mostra como a arte transforma vidas no Sert\u00e3o.\" \/>\n<meta name=\"robots\" content=\"index, follow, max-snippet:-1, max-image-preview:large, max-video-preview:-1\" \/>\n<link rel=\"canonical\" href=\"https:\/\/www.novosertao.org.br\/en\/noticias\/alunas-do-bale-novo-sertao-conquistam-premio-em-petrolina-pe-e-vivem-sonho-no-festival-de-danca\/\" \/>\n<meta name=\"twitter:card\" content=\"summary_large_image\" \/>\n<meta name=\"twitter:title\" content=\"Festival de Dan\u00e7a celebra talento e transforma\u00e7\u00e3o no Sert\u00e3o!\" \/>\n<meta name=\"twitter:description\" content=\"Festival de Dan\u00e7a em Acau\u00e3-PI: Instituto Novo Sert\u00e3o conquista tr\u00eas premia\u00e7\u00f5es e mostra como a arte transforma vidas no Sert\u00e3o.\" \/>\n<meta name=\"twitter:image\" content=\"https:\/\/www.novosertao.org.br\/wp-content\/uploads\/2026\/04\/palco.jpeg\" \/>\n<meta name=\"twitter:label1\" content=\"Written by\" \/>\n\t<meta name=\"twitter:data1\" content=\"novosertao\" \/>\n\t<meta name=\"twitter:label2\" content=\"Est. reading time\" \/>\n\t<meta name=\"twitter:data2\" content=\"4 minutes\" \/>\n<script type=\"application\/ld+json\" class=\"yoast-schema-graph\">{\"@context\":\"https:\\\/\\\/schema.org\",\"@graph\":[{\"@type\":\"Article\",\"@id\":\"https:\\\/\\\/www.novosertao.org.br\\\/noticias\\\/alunas-do-bale-novo-sertao-conquistam-premio-em-petrolina-pe-e-vivem-sonho-no-festival-de-danca\\\/#article\",\"isPartOf\":{\"@id\":\"https:\\\/\\\/www.novosertao.org.br\\\/noticias\\\/alunas-do-bale-novo-sertao-conquistam-premio-em-petrolina-pe-e-vivem-sonho-no-festival-de-danca\\\/\"},\"author\":{\"name\":\"novosertao\",\"@id\":\"https:\\\/\\\/www.novosertao.org.br\\\/#\\\/schema\\\/person\\\/97e1c5a3d35172433b76bcb3ae49d328\"},\"headline\":\"Alunas do bal\u00e9 Novo Sert\u00e3o conquistam pr\u00eamio em Petrolina-PE e vivem sonho no festival de dan\u00e7a!\",\"datePublished\":\"2026-04-27T12:25:22+00:00\",\"mainEntityOfPage\":{\"@id\":\"https:\\\/\\\/www.novosertao.org.br\\\/noticias\\\/alunas-do-bale-novo-sertao-conquistam-premio-em-petrolina-pe-e-vivem-sonho-no-festival-de-danca\\\/\"},\"wordCount\":533,\"publisher\":{\"@id\":\"https:\\\/\\\/www.novosertao.org.br\\\/#organization\"},\"image\":{\"@id\":\"https:\\\/\\\/www.novosertao.org.br\\\/noticias\\\/alunas-do-bale-novo-sertao-conquistam-premio-em-petrolina-pe-e-vivem-sonho-no-festival-de-danca\\\/#primaryimage\"},\"thumbnailUrl\":\"https:\\\/\\\/www.novosertao.org.br\\\/wp-content\\\/uploads\\\/2026\\\/04\\\/palco.jpeg\",\"articleSection\":[\"Bal\u00e9\",\"Not\u00edcias\"],\"inLanguage\":\"en-US\"},{\"@type\":\"WebPage\",\"@id\":\"https:\\\/\\\/www.novosertao.org.br\\\/noticias\\\/alunas-do-bale-novo-sertao-conquistam-premio-em-petrolina-pe-e-vivem-sonho-no-festival-de-danca\\\/\",\"url\":\"https:\\\/\\\/www.novosertao.org.br\\\/noticias\\\/alunas-do-bale-novo-sertao-conquistam-premio-em-petrolina-pe-e-vivem-sonho-no-festival-de-danca\\\/\",\"name\":\"Festival de Dan\u00e7a celebra talento e transforma\u00e7\u00e3o no Sert\u00e3o!\",\"isPartOf\":{\"@id\":\"https:\\\/\\\/www.novosertao.org.br\\\/#website\"},\"primaryImageOfPage\":{\"@id\":\"https:\\\/\\\/www.novosertao.org.br\\\/noticias\\\/alunas-do-bale-novo-sertao-conquistam-premio-em-petrolina-pe-e-vivem-sonho-no-festival-de-danca\\\/#primaryimage\"},\"image\":{\"@id\":\"https:\\\/\\\/www.novosertao.org.br\\\/noticias\\\/alunas-do-bale-novo-sertao-conquistam-premio-em-petrolina-pe-e-vivem-sonho-no-festival-de-danca\\\/#primaryimage\"},\"thumbnailUrl\":\"https:\\\/\\\/www.novosertao.org.br\\\/wp-content\\\/uploads\\\/2026\\\/04\\\/palco.jpeg\",\"datePublished\":\"2026-04-27T12:25:22+00:00\",\"description\":\"Festival de Dan\u00e7a em Acau\u00e3-PI: Instituto Novo Sert\u00e3o conquista tr\u00eas premia\u00e7\u00f5es e mostra como a arte transforma vidas no Sert\u00e3o.\",\"breadcrumb\":{\"@id\":\"https:\\\/\\\/www.novosertao.org.br\\\/noticias\\\/alunas-do-bale-novo-sertao-conquistam-premio-em-petrolina-pe-e-vivem-sonho-no-festival-de-danca\\\/#breadcrumb\"},\"inLanguage\":\"en-US\",\"potentialAction\":[{\"@type\":\"ReadAction\",\"target\":[\"https:\\\/\\\/www.novosertao.org.br\\\/noticias\\\/alunas-do-bale-novo-sertao-conquistam-premio-em-petrolina-pe-e-vivem-sonho-no-festival-de-danca\\\/\"]}]},{\"@type\":\"ImageObject\",\"inLanguage\":\"en-US\",\"@id\":\"https:\\\/\\\/www.novosertao.org.br\\\/noticias\\\/alunas-do-bale-novo-sertao-conquistam-premio-em-petrolina-pe-e-vivem-sonho-no-festival-de-danca\\\/#primaryimage\",\"url\":\"https:\\\/\\\/www.novosertao.org.br\\\/wp-content\\\/uploads\\\/2026\\\/04\\\/palco.jpeg\",\"contentUrl\":\"https:\\\/\\\/www.novosertao.org.br\\\/wp-content\\\/uploads\\\/2026\\\/04\\\/palco.jpeg\",\"width\":2560,\"height\":1920},{\"@type\":\"BreadcrumbList\",\"@id\":\"https:\\\/\\\/www.novosertao.org.br\\\/noticias\\\/alunas-do-bale-novo-sertao-conquistam-premio-em-petrolina-pe-e-vivem-sonho-no-festival-de-danca\\\/#breadcrumb\",\"itemListElement\":[{\"@type\":\"ListItem\",\"position\":1,\"name\":\"In\u00edcio\",\"item\":\"https:\\\/\\\/www.novosertao.org.br\\\/\"},{\"@type\":\"ListItem\",\"position\":2,\"name\":\"Alunas do bal\u00e9 Novo Sert\u00e3o conquistam pr\u00eamio em Petrolina-PE e vivem sonho no festival de dan\u00e7a!\"}]},{\"@type\":\"WebSite\",\"@id\":\"https:\\\/\\\/www.novosertao.org.br\\\/#website\",\"url\":\"https:\\\/\\\/www.novosertao.org.br\\\/\",\"name\":\"Novo Sert\u00e3o\",\"description\":\"Juntos pelo Sert\u00e3o\",\"publisher\":{\"@id\":\"https:\\\/\\\/www.novosertao.org.br\\\/#organization\"},\"potentialAction\":[{\"@type\":\"SearchAction\",\"target\":{\"@type\":\"EntryPoint\",\"urlTemplate\":\"https:\\\/\\\/www.novosertao.org.br\\\/?s={search_term_string}\"},\"query-input\":{\"@type\":\"PropertyValueSpecification\",\"valueRequired\":true,\"valueName\":\"search_term_string\"}}],\"inLanguage\":\"en-US\"},{\"@type\":\"Organization\",\"@id\":\"https:\\\/\\\/www.novosertao.org.br\\\/#organization\",\"name\":\"Novo Sert\u00e3o\",\"url\":\"https:\\\/\\\/www.novosertao.org.br\\\/\",\"logo\":{\"@type\":\"ImageObject\",\"inLanguage\":\"en-US\",\"@id\":\"https:\\\/\\\/www.novosertao.org.br\\\/#\\\/schema\\\/logo\\\/image\\\/\",\"url\":\"https:\\\/\\\/www.novosertao.org.br\\\/wp-content\\\/uploads\\\/2022\\\/04\\\/logo-header.png\",\"contentUrl\":\"https:\\\/\\\/www.novosertao.org.br\\\/wp-content\\\/uploads\\\/2022\\\/04\\\/logo-header.png\",\"width\":242,\"height\":86,\"caption\":\"Novo Sert\u00e3o\"},\"image\":{\"@id\":\"https:\\\/\\\/www.novosertao.org.br\\\/#\\\/schema\\\/logo\\\/image\\\/\"},\"sameAs\":[\"https:\\\/\\\/www.facebook.com\\\/nvsertao\\\/\",\"https:\\\/\\\/www.instagram.com\\\/novo_sertao\\\/\",\"https:\\\/\\\/www.youtube.com\\\/c\\\/INSTITUTONOVOSERTO\",\"https:\\\/\\\/www.linkedin.com\\\/company\\\/instituto-novo-serto\\\/\"]},{\"@type\":\"Person\",\"@id\":\"https:\\\/\\\/www.novosertao.org.br\\\/#\\\/schema\\\/person\\\/97e1c5a3d35172433b76bcb3ae49d328\",\"name\":\"novosertao\",\"sameAs\":[\"https:\\\/\\\/novosertao.org.br\"],\"url\":\"https:\\\/\\\/www.novosertao.org.br\\\/en\\\/author\\\/novosertao\\\/\"}]}<\/script>\n<!-- \/ Yoast SEO plugin. -->","yoast_head_json":{"title":"Festival de Dan\u00e7a celebra talento e transforma\u00e7\u00e3o no Sert\u00e3o!","description":"Festival de Dan\u00e7a em Acau\u00e3-PI: Instituto Novo Sert\u00e3o conquista tr\u00eas premia\u00e7\u00f5es e mostra como a arte transforma vidas no Sert\u00e3o.","robots":{"index":"index","follow":"follow","max-snippet":"max-snippet:-1","max-image-preview":"max-image-preview:large","max-video-preview":"max-video-preview:-1"},"canonical":"https:\/\/www.novosertao.org.br\/en\/noticias\/alunas-do-bale-novo-sertao-conquistam-premio-em-petrolina-pe-e-vivem-sonho-no-festival-de-danca\/","twitter_card":"summary_large_image","twitter_title":"Festival de Dan\u00e7a celebra talento e transforma\u00e7\u00e3o no Sert\u00e3o!","twitter_description":"Festival de Dan\u00e7a em Acau\u00e3-PI: Instituto Novo Sert\u00e3o conquista tr\u00eas premia\u00e7\u00f5es e mostra como a arte transforma vidas no Sert\u00e3o.","twitter_image":"https:\/\/www.novosertao.org.br\/wp-content\/uploads\/2026\/04\/palco.jpeg","twitter_misc":{"Written by":"novosertao","Est. reading time":"4 minutes"},"schema":{"@context":"https:\/\/schema.org","@graph":[{"@type":"Article","@id":"https:\/\/www.novosertao.org.br\/noticias\/alunas-do-bale-novo-sertao-conquistam-premio-em-petrolina-pe-e-vivem-sonho-no-festival-de-danca\/#article","isPartOf":{"@id":"https:\/\/www.novosertao.org.br\/noticias\/alunas-do-bale-novo-sertao-conquistam-premio-em-petrolina-pe-e-vivem-sonho-no-festival-de-danca\/"},"author":{"name":"novosertao","@id":"https:\/\/www.novosertao.org.br\/#\/schema\/person\/97e1c5a3d35172433b76bcb3ae49d328"},"headline":"Alunas do bal\u00e9 Novo Sert\u00e3o conquistam pr\u00eamio em Petrolina-PE e vivem sonho no festival de dan\u00e7a!","datePublished":"2026-04-27T12:25:22+00:00","mainEntityOfPage":{"@id":"https:\/\/www.novosertao.org.br\/noticias\/alunas-do-bale-novo-sertao-conquistam-premio-em-petrolina-pe-e-vivem-sonho-no-festival-de-danca\/"},"wordCount":533,"publisher":{"@id":"https:\/\/www.novosertao.org.br\/#organization"},"image":{"@id":"https:\/\/www.novosertao.org.br\/noticias\/alunas-do-bale-novo-sertao-conquistam-premio-em-petrolina-pe-e-vivem-sonho-no-festival-de-danca\/#primaryimage"},"thumbnailUrl":"https:\/\/www.novosertao.org.br\/wp-content\/uploads\/2026\/04\/palco.jpeg","articleSection":["Bal\u00e9","Not\u00edcias"],"inLanguage":"en-US"},{"@type":"WebPage","@id":"https:\/\/www.novosertao.org.br\/noticias\/alunas-do-bale-novo-sertao-conquistam-premio-em-petrolina-pe-e-vivem-sonho-no-festival-de-danca\/","url":"https:\/\/www.novosertao.org.br\/noticias\/alunas-do-bale-novo-sertao-conquistam-premio-em-petrolina-pe-e-vivem-sonho-no-festival-de-danca\/","name":"Festival de Dan\u00e7a celebra talento e transforma\u00e7\u00e3o no Sert\u00e3o!","isPartOf":{"@id":"https:\/\/www.novosertao.org.br\/#website"},"primaryImageOfPage":{"@id":"https:\/\/www.novosertao.org.br\/noticias\/alunas-do-bale-novo-sertao-conquistam-premio-em-petrolina-pe-e-vivem-sonho-no-festival-de-danca\/#primaryimage"},"image":{"@id":"https:\/\/www.novosertao.org.br\/noticias\/alunas-do-bale-novo-sertao-conquistam-premio-em-petrolina-pe-e-vivem-sonho-no-festival-de-danca\/#primaryimage"},"thumbnailUrl":"https:\/\/www.novosertao.org.br\/wp-content\/uploads\/2026\/04\/palco.jpeg","datePublished":"2026-04-27T12:25:22+00:00","description":"Festival de Dan\u00e7a em Acau\u00e3-PI: Instituto Novo Sert\u00e3o conquista tr\u00eas premia\u00e7\u00f5es e mostra como a arte transforma vidas no Sert\u00e3o.","breadcrumb":{"@id":"https:\/\/www.novosertao.org.br\/noticias\/alunas-do-bale-novo-sertao-conquistam-premio-em-petrolina-pe-e-vivem-sonho-no-festival-de-danca\/#breadcrumb"},"inLanguage":"en-US","potentialAction":[{"@type":"ReadAction","target":["https:\/\/www.novosertao.org.br\/noticias\/alunas-do-bale-novo-sertao-conquistam-premio-em-petrolina-pe-e-vivem-sonho-no-festival-de-danca\/"]}]},{"@type":"ImageObject","inLanguage":"en-US","@id":"https:\/\/www.novosertao.org.br\/noticias\/alunas-do-bale-novo-sertao-conquistam-premio-em-petrolina-pe-e-vivem-sonho-no-festival-de-danca\/#primaryimage","url":"https:\/\/www.novosertao.org.br\/wp-content\/uploads\/2026\/04\/palco.jpeg","contentUrl":"https:\/\/www.novosertao.org.br\/wp-content\/uploads\/2026\/04\/palco.jpeg","width":2560,"height":1920},{"@type":"BreadcrumbList","@id":"https:\/\/www.novosertao.org.br\/noticias\/alunas-do-bale-novo-sertao-conquistam-premio-em-petrolina-pe-e-vivem-sonho-no-festival-de-danca\/#breadcrumb","itemListElement":[{"@type":"ListItem","position":1,"name":"In\u00edcio","item":"https:\/\/www.novosertao.org.br\/"},{"@type":"ListItem","position":2,"name":"Alunas do bal\u00e9 Novo Sert\u00e3o conquistam pr\u00eamio em Petrolina-PE e vivem sonho no festival de dan\u00e7a!"}]},{"@type":"WebSite","@id":"https:\/\/www.novosertao.org.br\/#website","url":"https:\/\/www.novosertao.org.br\/","name":"New Sert\u00e3o","description":"Together for the Sert\u00e3o","publisher":{"@id":"https:\/\/www.novosertao.org.br\/#organization"},"potentialAction":[{"@type":"SearchAction","target":{"@type":"EntryPoint","urlTemplate":"https:\/\/www.novosertao.org.br\/?s={search_term_string}"},"query-input":{"@type":"PropertyValueSpecification","valueRequired":true,"valueName":"search_term_string"}}],"inLanguage":"en-US"},{"@type":"Organization","@id":"https:\/\/www.novosertao.org.br\/#organization","name":"New Sert\u00e3o","url":"https:\/\/www.novosertao.org.br\/","logo":{"@type":"ImageObject","inLanguage":"en-US","@id":"https:\/\/www.novosertao.org.br\/#\/schema\/logo\/image\/","url":"https:\/\/www.novosertao.org.br\/wp-content\/uploads\/2022\/04\/logo-header.png","contentUrl":"https:\/\/www.novosertao.org.br\/wp-content\/uploads\/2022\/04\/logo-header.png","width":242,"height":86,"caption":"Novo Sert\u00e3o"},"image":{"@id":"https:\/\/www.novosertao.org.br\/#\/schema\/logo\/image\/"},"sameAs":["https:\/\/www.facebook.com\/nvsertao\/","https:\/\/www.instagram.com\/novo_sertao\/","https:\/\/www.youtube.com\/c\/INSTITUTONOVOSERTO","https:\/\/www.linkedin.com\/company\/instituto-novo-serto\/"]},{"@type":"Person","@id":"https:\/\/www.novosertao.org.br\/#\/schema\/person\/97e1c5a3d35172433b76bcb3ae49d328","name":"novosertao","sameAs":["https:\/\/novosertao.org.br"],"url":"https:\/\/www.novosertao.org.br\/en\/author\/novosertao\/"}]}},"_links":{"self":[{"href":"https:\/\/www.novosertao.org.br\/en\/wp-json\/wp\/v2\/posts\/6221","targetHints":{"allow":["GET"]}}],"collection":[{"href":"https:\/\/www.novosertao.org.br\/en\/wp-json\/wp\/v2\/posts"}],"about":[{"href":"https:\/\/www.novosertao.org.br\/en\/wp-json\/wp\/v2\/types\/post"}],"author":[{"embeddable":true,"href":"https:\/\/www.novosertao.org.br\/en\/wp-json\/wp\/v2\/users\/1"}],"replies":[{"embeddable":true,"href":"https:\/\/www.novosertao.org.br\/en\/wp-json\/wp\/v2\/comments?post=6221"}],"version-history":[{"count":4,"href":"https:\/\/www.novosertao.org.br\/en\/wp-json\/wp\/v2\/posts\/6221\/revisions"}],"predecessor-version":[{"id":6236,"href":"https:\/\/www.novosertao.org.br\/en\/wp-json\/wp\/v2\/posts\/6221\/revisions\/6236"}],"wp:featuredmedia":[{"embeddable":true,"href":"https:\/\/www.novosertao.org.br\/en\/wp-json\/wp\/v2\/media\/6230"}],"wp:attachment":[{"href":"https:\/\/www.novosertao.org.br\/en\/wp-json\/wp\/v2\/media?parent=6221"}],"wp:term":[{"taxonomy":"category","embeddable":true,"href":"https:\/\/www.novosertao.org.br\/en\/wp-json\/wp\/v2\/categories?post=6221"},{"taxonomy":"post_tag","embeddable":true,"href":"https:\/\/www.novosertao.org.br\/en\/wp-json\/wp\/v2\/tags?post=6221"}],"curies":[{"name":"wp","href":"https:\/\/api.w.org\/{rel}","templated":true}]}}