{"id":5945,"date":"2026-01-29T09:01:11","date_gmt":"2026-01-29T12:01:11","guid":{"rendered":"https:\/\/www.novosertao.org.br\/?p=5945"},"modified":"2026-01-29T09:28:45","modified_gmt":"2026-01-29T12:28:45","slug":"primeira-edicao-da-feira-da-agricultura-familiar-de-2026-em-um-novo-espaco","status":"publish","type":"post","link":"https:\/\/www.novosertao.org.br\/en\/noticias\/primeira-edicao-da-feira-da-agricultura-familiar-de-2026-em-um-novo-espaco\/","title":{"rendered":"Primeira edi\u00e7\u00e3o da Feira da Agricultura Familiar de 2026 em um novo espa\u00e7o"},"content":{"rendered":"<p>The countryside is present in people's lives!<\/p>\n\n\n\n<p>Last Saturday saw the first edition of the Family Farming Fair, an event that has already had a positive impact on the region by aiming to value those who plant, harvest, and sustain lives.<\/p>\n\n\n\n<p>The fair brought together local producers, consumers, and partners in a space for exchange, learning, and community strengthening.<\/p>\n\n\n\n<p>A moment that strengthens the local economy, generates income, and keeps the connection between producer and consumer alive. More than just a fair, the initiative represents resistance, care for the land, and a commitment to a fairer and more sustainable future for all.<\/p>\n\n\n\n<figure class=\"wp-block-image size-large is-resized\"><img fetchpriority=\"high\" decoding=\"async\" width=\"768\" height=\"1024\" src=\"https:\/\/www.novosertao.org.br\/wp-content\/uploads\/2026\/01\/DSC00084-5-768x1024.jpg\" alt=\"\" class=\"wp-image-6017\" style=\"width:675px;height:auto\" srcset=\"https:\/\/www.novosertao.org.br\/wp-content\/uploads\/2026\/01\/DSC00084-5-768x1024.jpg 768w, https:\/\/www.novosertao.org.br\/wp-content\/uploads\/2026\/01\/DSC00084-5-225x300.jpg 225w, https:\/\/www.novosertao.org.br\/wp-content\/uploads\/2026\/01\/DSC00084-5-1152x1536.jpg 1152w, https:\/\/www.novosertao.org.br\/wp-content\/uploads\/2026\/01\/DSC00084-5-1536x2048.jpg 1536w, https:\/\/www.novosertao.org.br\/wp-content\/uploads\/2026\/01\/DSC00084-5-9x12.jpg 9w, https:\/\/www.novosertao.org.br\/wp-content\/uploads\/2026\/01\/DSC00084-5-scaled.jpg 1920w\" sizes=\"(max-width: 768px) 100vw, 768px\" \/><\/figure>\n\n\n\n<h2 class=\"wp-block-heading\">Inauguration of the new space: The Producer's Market<\/h2>\n\n\n\n<p>Bet\u00e2nia do Piau\u00ed celebrates the opening of the new space as a historic milestone for the municipality. A few years ago, this same location was just a poorly structured, completely open area known as \"Casa da Feira\" (Fair House), which lacked adequate conditions to accommodate all the vendors.<\/p>\n\n\n\n<p>The Farmers' Market is much more than a physical building. It represents the realization of a collective dream, the result of the effort and unity of those who believe in the strength of family farming and local development.<\/p>\n\n\n\n<p>With the completion of the project, it's possible to see the satisfaction and joy on the faces of everyone who uses the space. Now, the market offers a more organized, accessible, and welcoming environment, guaranteeing better working conditions, strengthening income generation, and contributing to the sustainable development of Bet\u00e2nia do Piau\u00ed.<\/p>\n\n\n\n<div class=\"wp-block-columns is-layout-flex wp-container-core-columns-is-layout-9d6595d7 wp-block-columns-is-layout-flex\">\n<div class=\"wp-block-column is-layout-flow wp-block-column-is-layout-flow\" style=\"flex-basis:100%\">\n<div class=\"wp-block-group\"><div class=\"wp-block-group__inner-container is-layout-constrained wp-block-group-is-layout-constrained\">\n<div class=\"wp-block-columns is-layout-flex wp-container-core-columns-is-layout-9d6595d7 wp-block-columns-is-layout-flex\">\n<div class=\"wp-block-column is-layout-flow wp-block-column-is-layout-flow\" style=\"flex-basis:100%\">\n<figure class=\"wp-block-gallery has-nested-images columns-default is-cropped wp-block-gallery-1 is-layout-flex wp-block-gallery-is-layout-flex\">\n<figure class=\"wp-block-image size-full\"><img decoding=\"async\" width=\"1600\" height=\"1066\" data-id=\"6020\" src=\"https:\/\/www.novosertao.org.br\/wp-content\/uploads\/2026\/01\/WhatsApp-Image-2026-01-29-at-09.21.46-1.jpeg\" alt=\"\" class=\"wp-image-6020\" srcset=\"https:\/\/www.novosertao.org.br\/wp-content\/uploads\/2026\/01\/WhatsApp-Image-2026-01-29-at-09.21.46-1.jpeg 1600w, https:\/\/www.novosertao.org.br\/wp-content\/uploads\/2026\/01\/WhatsApp-Image-2026-01-29-at-09.21.46-1-300x200.jpeg 300w, https:\/\/www.novosertao.org.br\/wp-content\/uploads\/2026\/01\/WhatsApp-Image-2026-01-29-at-09.21.46-1-1024x682.jpeg 1024w, https:\/\/www.novosertao.org.br\/wp-content\/uploads\/2026\/01\/WhatsApp-Image-2026-01-29-at-09.21.46-1-768x512.jpeg 768w, https:\/\/www.novosertao.org.br\/wp-content\/uploads\/2026\/01\/WhatsApp-Image-2026-01-29-at-09.21.46-1-1536x1023.jpeg 1536w, https:\/\/www.novosertao.org.br\/wp-content\/uploads\/2026\/01\/WhatsApp-Image-2026-01-29-at-09.21.46-1-18x12.jpeg 18w\" sizes=\"(max-width: 1600px) 100vw, 1600px\" \/><figcaption class=\"wp-element-caption\">ANTES<\/figcaption><\/figure>\n\n\n\n<figure class=\"wp-block-image size-full\"><img decoding=\"async\" width=\"1600\" height=\"1066\" data-id=\"6021\" src=\"https:\/\/www.novosertao.org.br\/wp-content\/uploads\/2026\/01\/WhatsApp-Image-2026-01-29-at-09.22.04.jpeg\" alt=\"\" class=\"wp-image-6021\" srcset=\"https:\/\/www.novosertao.org.br\/wp-content\/uploads\/2026\/01\/WhatsApp-Image-2026-01-29-at-09.22.04.jpeg 1600w, https:\/\/www.novosertao.org.br\/wp-content\/uploads\/2026\/01\/WhatsApp-Image-2026-01-29-at-09.22.04-300x200.jpeg 300w, https:\/\/www.novosertao.org.br\/wp-content\/uploads\/2026\/01\/WhatsApp-Image-2026-01-29-at-09.22.04-1024x682.jpeg 1024w, https:\/\/www.novosertao.org.br\/wp-content\/uploads\/2026\/01\/WhatsApp-Image-2026-01-29-at-09.22.04-768x512.jpeg 768w, https:\/\/www.novosertao.org.br\/wp-content\/uploads\/2026\/01\/WhatsApp-Image-2026-01-29-at-09.22.04-1536x1023.jpeg 1536w, https:\/\/www.novosertao.org.br\/wp-content\/uploads\/2026\/01\/WhatsApp-Image-2026-01-29-at-09.22.04-18x12.jpeg 18w\" sizes=\"(max-width: 1600px) 100vw, 1600px\" \/><figcaption class=\"wp-element-caption\">DEPOIS<\/figcaption><\/figure>\n<\/figure>\n<\/div>\n<\/div>\n<\/div><\/div>\n<\/div>\n<\/div>\n\n\n\n<h2 class=\"wp-block-heading\">In the eyes of those who live the experience.<\/h2>\n\n\n\n<p>Is the Family Farming Fair just a place for buying and selling? The experience of Renata, a local resident, shows that the answer goes far beyond that. In her account, she describes what really happens in this environment that strengthens bonds and values \u200b\u200bpeople.<\/p>\n\n\n\n<p>During the fair, Renata shares a sensitive perspective on the encounters, the fresh produce, and the stories that give meaning to each stall. Her testimony reveals that the fair transcends commercial logic: it is a space for connection, care for people, and appreciation of family farming, reinforcing its social, cultural, and economic importance to the community.<\/p>\n\n\n\n<p>See what Renata's experience was like by clicking here. <a href=\"https:\/\/www.instagram.com\/reel\/DUDwIiTkQUS\/?igsh=MXZ0MXltd2Izdno4dg==\">clicando aqui.<\/a><\/p>\n\n\n\n<div class=\"wp-block-columns is-layout-flex wp-container-core-columns-is-layout-9d6595d7 wp-block-columns-is-layout-flex\">\n<div class=\"wp-block-column is-layout-flow wp-block-column-is-layout-flow\" style=\"flex-basis:100%\">\n<div class=\"wp-block-columns is-layout-flex wp-container-core-columns-is-layout-9d6595d7 wp-block-columns-is-layout-flex\">\n<div class=\"wp-block-column is-layout-flow wp-block-column-is-layout-flow\" style=\"flex-basis:100%\">\n<div class=\"wp-block-group\"><div class=\"wp-block-group__inner-container is-layout-constrained wp-block-group-is-layout-constrained\">\n<div class=\"wp-block-columns is-layout-flex wp-container-core-columns-is-layout-9d6595d7 wp-block-columns-is-layout-flex\">\n<div class=\"wp-block-column is-layout-flow wp-block-column-is-layout-flow\" style=\"flex-basis:100%\">\n<div class=\"wp-block-columns is-layout-flex wp-container-core-columns-is-layout-9d6595d7 wp-block-columns-is-layout-flex\">\n<div class=\"wp-block-column is-layout-flow wp-block-column-is-layout-flow\" style=\"flex-basis:100%\">\n<div class=\"wp-block-group\"><div class=\"wp-block-group__inner-container is-layout-constrained wp-block-group-is-layout-constrained\">\n<div class=\"wp-block-columns is-layout-flex wp-container-core-columns-is-layout-9d6595d7 wp-block-columns-is-layout-flex\">\n<div class=\"wp-block-column is-layout-flow wp-block-column-is-layout-flow\" style=\"flex-basis:100%\">\n<figure class=\"wp-block-image size-large\"><img loading=\"lazy\" decoding=\"async\" width=\"819\" height=\"1024\" src=\"https:\/\/www.novosertao.org.br\/wp-content\/uploads\/2026\/01\/DSC00165-5-819x1024.jpg\" alt=\"\" class=\"wp-image-5995\" srcset=\"https:\/\/www.novosertao.org.br\/wp-content\/uploads\/2026\/01\/DSC00165-5-819x1024.jpg 819w, https:\/\/www.novosertao.org.br\/wp-content\/uploads\/2026\/01\/DSC00165-5-240x300.jpg 240w, https:\/\/www.novosertao.org.br\/wp-content\/uploads\/2026\/01\/DSC00165-5-768x960.jpg 768w, https:\/\/www.novosertao.org.br\/wp-content\/uploads\/2026\/01\/DSC00165-5-1229x1536.jpg 1229w, https:\/\/www.novosertao.org.br\/wp-content\/uploads\/2026\/01\/DSC00165-5-1638x2048.jpg 1638w, https:\/\/www.novosertao.org.br\/wp-content\/uploads\/2026\/01\/DSC00165-5-10x12.jpg 10w, https:\/\/www.novosertao.org.br\/wp-content\/uploads\/2026\/01\/DSC00165-5-scaled.jpg 2048w\" sizes=\"(max-width: 819px) 100vw, 819px\" \/><\/figure>\n<\/div>\n<\/div>\n<\/div><\/div>\n<\/div>\n<\/div>\n<\/div>\n<\/div>\n\n\n\n<div class=\"wp-block-group is-layout-grid wp-container-core-group-is-layout-9649a0d9 wp-block-group-is-layout-grid\"><\/div>\n<\/div><\/div>\n<\/div>\n<\/div>\n<\/div>\n<\/div>\n\n\n\n<h2 class=\"wp-block-heading\">Despite the scarcity caused by the drought, the Sert\u00e3o region continues to produce life.<\/h2>\n\n\n\n<p>The people of the Sert\u00e3o region celebrate the Family Farming Fair as a great achievement, especially in the face of the challenges posed by the lack of rain. Even so, farmers continue to produce, demonstrating resilience, faith, and commitment to the land.<\/p>\n\n\n\n<p>Even amidst the drought, they continue working, securing food, caring for the soil, and preserving knowledge passed down through generations. This reality proves that the strength of the people of the Sert\u00e3o transforms hardship into sustenance and hope.<\/p>\n\n\n\n<figure class=\"wp-block-image size-large is-resized\"><img loading=\"lazy\" decoding=\"async\" width=\"819\" height=\"1024\" src=\"https:\/\/www.novosertao.org.br\/wp-content\/uploads\/2026\/01\/DSC00219-819x1024.jpg\" alt=\"\" class=\"wp-image-5974\" style=\"width:675px;height:auto\" srcset=\"https:\/\/www.novosertao.org.br\/wp-content\/uploads\/2026\/01\/DSC00219-819x1024.jpg 819w, https:\/\/www.novosertao.org.br\/wp-content\/uploads\/2026\/01\/DSC00219-240x300.jpg 240w, https:\/\/www.novosertao.org.br\/wp-content\/uploads\/2026\/01\/DSC00219-768x960.jpg 768w, https:\/\/www.novosertao.org.br\/wp-content\/uploads\/2026\/01\/DSC00219-1229x1536.jpg 1229w, https:\/\/www.novosertao.org.br\/wp-content\/uploads\/2026\/01\/DSC00219-1638x2048.jpg 1638w, https:\/\/www.novosertao.org.br\/wp-content\/uploads\/2026\/01\/DSC00219-10x12.jpg 10w, https:\/\/www.novosertao.org.br\/wp-content\/uploads\/2026\/01\/DSC00219-scaled.jpg 2048w\" sizes=\"(max-width: 819px) 100vw, 819px\" \/><\/figure>\n\n\n\n<p>The Sert\u00e3o region shows that, even when rain is scarce, the determination of those who believe continues to make the land generate life.<\/p>\n\n\n\n<h3 class=\"wp-block-heading\">Productive Backyards serve as an example for the population.<\/h3>\n\n\n\n<p>In addition to guaranteeing fresh and healthy food for the population, the Productive Backyards strengthen the local economy and encourage more conscious consumption practices.<\/p>\n\n\n\n<p><strong>What grows in the backyard transforms into income, autonomy, and dignity for those who produce it.<\/strong><\/p>\n\n\n\n<p>ACCESS AND LEARN MORE ABOUT NOVO SERT\u00c3O. <a href=\"https:\/\/www.novosertao.org.br\/en\/projetos\/geracao-de-renda-no-sertao\/\">AGRICULTURA FAMILIAR<\/a><\/p>\n\n\n\n<h2 class=\"wp-block-heading\"><strong>Together for a Transformed Sert\u00e3o!<\/strong><\/h2>\n\n\n<div class=\"wp-block-site-logo\"><a href=\"https:\/\/www.novosertao.org.br\/en\/\" class=\"custom-logo-link\" rel=\"home\"><img loading=\"lazy\" decoding=\"async\" width=\"180\" height=\"63\" src=\"https:\/\/www.novosertao.org.br\/wp-content\/uploads\/2022\/04\/logo-header.png\" class=\"custom-logo\" alt=\"Novo Sert\u00e3o\" srcset=\"https:\/\/www.novosertao.org.br\/wp-content\/uploads\/2022\/04\/logo-header.png 242w, https:\/\/www.novosertao.org.br\/wp-content\/uploads\/2022\/04\/logo-header-18x6.png 18w\" sizes=\"(max-width: 180px) 100vw, 180px\" \/><\/a><\/div>\n\n\n<p><\/p>","protected":false},"excerpt":{"rendered":"<p>O campo presente na vida das pessoas! Neste \u00faltimo s\u00e1bado, foi realizada a primeira edi\u00e7\u00e3o da Feira da Agricultura Familiar, um evento que j\u00e1 vem impactando positivamente a regi\u00e3o ao ter como objetivo a valoriza\u00e7\u00e3o de quem planta, colhe e sustenta vidas. A feira reuniu produtores locais, consumidores e parceiros em um espa\u00e7o de troca,&hellip; <a class=\"continue\" href=\"https:\/\/www.novosertao.org.br\/en\/noticias\/primeira-edicao-da-feira-da-agricultura-familiar-de-2026-em-um-novo-espaco\/\">Continue lendo<span> Primeira edi\u00e7\u00e3o da Feira da Agricultura Familiar de 2026 em um novo espa\u00e7o<\/span><\/a><\/p>","protected":false},"author":1,"featured_media":5951,"comment_status":"closed","ping_status":"closed","sticky":false,"template":"","format":"standard","meta":{"footnotes":""},"categories":[36],"tags":[],"class_list":["post-5945","post","type-post","status-publish","format-standard","has-post-thumbnail","hentry","category-noticias"],"yoast_head":"<!-- This site is optimized with the Yoast SEO plugin v27.5 - https:\/\/yoast.com\/product\/yoast-seo-wordpress\/ -->\n<title>Novo Sert\u00e3o e Funda\u00e7\u00e3o Edmilson: 10 anos de transforma\u00e7\u00e3o<\/title>\n<meta name=\"description\" content=\"O Instituto Novo Sert\u00e3o celebra 10 anos com a inaugura\u00e7\u00e3o da nova sede e um espet\u00e1culo cultural que marcou a hist\u00f3ria do Sert\u00e3o.\" \/>\n<meta name=\"robots\" content=\"index, follow, max-snippet:-1, max-image-preview:large, max-video-preview:-1\" \/>\n<link rel=\"canonical\" href=\"https:\/\/www.novosertao.org.br\/en\/noticias\/primeira-edicao-da-feira-da-agricultura-familiar-de-2026-em-um-novo-espaco\/\" \/>\n<meta name=\"twitter:card\" content=\"summary_large_image\" \/>\n<meta name=\"twitter:title\" content=\"Novo Sert\u00e3o e Funda\u00e7\u00e3o Edmilson: 10 anos de transforma\u00e7\u00e3o\" \/>\n<meta name=\"twitter:description\" content=\"O Instituto Novo Sert\u00e3o celebra 10 anos com a inaugura\u00e7\u00e3o da nova sede e um espet\u00e1culo cultural que marcou a hist\u00f3ria do Sert\u00e3o.\" \/>\n<meta name=\"twitter:image\" content=\"https:\/\/www.novosertao.org.br\/wp-content\/uploads\/2026\/01\/DSC00145-scaled.jpg\" \/>\n<meta name=\"twitter:label1\" content=\"Written by\" \/>\n\t<meta name=\"twitter:data1\" content=\"novosertao\" \/>\n\t<meta name=\"twitter:label2\" content=\"Est. reading time\" \/>\n\t<meta name=\"twitter:data2\" content=\"5 minutes\" \/>\n<script type=\"application\/ld+json\" class=\"yoast-schema-graph\">{\"@context\":\"https:\\\/\\\/schema.org\",\"@graph\":[{\"@type\":\"Article\",\"@id\":\"https:\\\/\\\/www.novosertao.org.br\\\/noticias\\\/primeira-edicao-da-feira-da-agricultura-familiar-de-2026-em-um-novo-espaco\\\/#article\",\"isPartOf\":{\"@id\":\"https:\\\/\\\/www.novosertao.org.br\\\/noticias\\\/primeira-edicao-da-feira-da-agricultura-familiar-de-2026-em-um-novo-espaco\\\/\"},\"author\":{\"name\":\"novosertao\",\"@id\":\"https:\\\/\\\/www.novosertao.org.br\\\/#\\\/schema\\\/person\\\/97e1c5a3d35172433b76bcb3ae49d328\"},\"headline\":\"Primeira edi\u00e7\u00e3o da Feira da Agricultura Familiar de 2026 em um novo espa\u00e7o\",\"datePublished\":\"2026-01-29T12:01:11+00:00\",\"dateModified\":\"2026-01-29T12:28:45+00:00\",\"mainEntityOfPage\":{\"@id\":\"https:\\\/\\\/www.novosertao.org.br\\\/noticias\\\/primeira-edicao-da-feira-da-agricultura-familiar-de-2026-em-um-novo-espaco\\\/\"},\"wordCount\":604,\"publisher\":{\"@id\":\"https:\\\/\\\/www.novosertao.org.br\\\/#organization\"},\"image\":{\"@id\":\"https:\\\/\\\/www.novosertao.org.br\\\/noticias\\\/primeira-edicao-da-feira-da-agricultura-familiar-de-2026-em-um-novo-espaco\\\/#primaryimage\"},\"thumbnailUrl\":\"https:\\\/\\\/www.novosertao.org.br\\\/wp-content\\\/uploads\\\/2026\\\/01\\\/DSC00145-scaled.jpg\",\"articleSection\":[\"Not\u00edcias\"],\"inLanguage\":\"en-US\"},{\"@type\":\"WebPage\",\"@id\":\"https:\\\/\\\/www.novosertao.org.br\\\/noticias\\\/primeira-edicao-da-feira-da-agricultura-familiar-de-2026-em-um-novo-espaco\\\/\",\"url\":\"https:\\\/\\\/www.novosertao.org.br\\\/noticias\\\/primeira-edicao-da-feira-da-agricultura-familiar-de-2026-em-um-novo-espaco\\\/\",\"name\":\"Novo Sert\u00e3o e Funda\u00e7\u00e3o Edmilson: 10 anos de transforma\u00e7\u00e3o\",\"isPartOf\":{\"@id\":\"https:\\\/\\\/www.novosertao.org.br\\\/#website\"},\"primaryImageOfPage\":{\"@id\":\"https:\\\/\\\/www.novosertao.org.br\\\/noticias\\\/primeira-edicao-da-feira-da-agricultura-familiar-de-2026-em-um-novo-espaco\\\/#primaryimage\"},\"image\":{\"@id\":\"https:\\\/\\\/www.novosertao.org.br\\\/noticias\\\/primeira-edicao-da-feira-da-agricultura-familiar-de-2026-em-um-novo-espaco\\\/#primaryimage\"},\"thumbnailUrl\":\"https:\\\/\\\/www.novosertao.org.br\\\/wp-content\\\/uploads\\\/2026\\\/01\\\/DSC00145-scaled.jpg\",\"datePublished\":\"2026-01-29T12:01:11+00:00\",\"dateModified\":\"2026-01-29T12:28:45+00:00\",\"description\":\"O Instituto Novo Sert\u00e3o celebra 10 anos com a inaugura\u00e7\u00e3o da nova sede e um espet\u00e1culo cultural que marcou a hist\u00f3ria do Sert\u00e3o.\",\"breadcrumb\":{\"@id\":\"https:\\\/\\\/www.novosertao.org.br\\\/noticias\\\/primeira-edicao-da-feira-da-agricultura-familiar-de-2026-em-um-novo-espaco\\\/#breadcrumb\"},\"inLanguage\":\"en-US\",\"potentialAction\":[{\"@type\":\"ReadAction\",\"target\":[\"https:\\\/\\\/www.novosertao.org.br\\\/noticias\\\/primeira-edicao-da-feira-da-agricultura-familiar-de-2026-em-um-novo-espaco\\\/\"]}]},{\"@type\":\"ImageObject\",\"inLanguage\":\"en-US\",\"@id\":\"https:\\\/\\\/www.novosertao.org.br\\\/noticias\\\/primeira-edicao-da-feira-da-agricultura-familiar-de-2026-em-um-novo-espaco\\\/#primaryimage\",\"url\":\"https:\\\/\\\/www.novosertao.org.br\\\/wp-content\\\/uploads\\\/2026\\\/01\\\/DSC00145-scaled.jpg\",\"contentUrl\":\"https:\\\/\\\/www.novosertao.org.br\\\/wp-content\\\/uploads\\\/2026\\\/01\\\/DSC00145-scaled.jpg\",\"width\":2048,\"height\":2560},{\"@type\":\"BreadcrumbList\",\"@id\":\"https:\\\/\\\/www.novosertao.org.br\\\/noticias\\\/primeira-edicao-da-feira-da-agricultura-familiar-de-2026-em-um-novo-espaco\\\/#breadcrumb\",\"itemListElement\":[{\"@type\":\"ListItem\",\"position\":1,\"name\":\"In\u00edcio\",\"item\":\"https:\\\/\\\/www.novosertao.org.br\\\/\"},{\"@type\":\"ListItem\",\"position\":2,\"name\":\"Primeira edi\u00e7\u00e3o da Feira da Agricultura Familiar de 2026 em um novo espa\u00e7o\"}]},{\"@type\":\"WebSite\",\"@id\":\"https:\\\/\\\/www.novosertao.org.br\\\/#website\",\"url\":\"https:\\\/\\\/www.novosertao.org.br\\\/\",\"name\":\"Novo Sert\u00e3o\",\"description\":\"Juntos pelo Sert\u00e3o\",\"publisher\":{\"@id\":\"https:\\\/\\\/www.novosertao.org.br\\\/#organization\"},\"potentialAction\":[{\"@type\":\"SearchAction\",\"target\":{\"@type\":\"EntryPoint\",\"urlTemplate\":\"https:\\\/\\\/www.novosertao.org.br\\\/?s={search_term_string}\"},\"query-input\":{\"@type\":\"PropertyValueSpecification\",\"valueRequired\":true,\"valueName\":\"search_term_string\"}}],\"inLanguage\":\"en-US\"},{\"@type\":\"Organization\",\"@id\":\"https:\\\/\\\/www.novosertao.org.br\\\/#organization\",\"name\":\"Novo Sert\u00e3o\",\"url\":\"https:\\\/\\\/www.novosertao.org.br\\\/\",\"logo\":{\"@type\":\"ImageObject\",\"inLanguage\":\"en-US\",\"@id\":\"https:\\\/\\\/www.novosertao.org.br\\\/#\\\/schema\\\/logo\\\/image\\\/\",\"url\":\"https:\\\/\\\/www.novosertao.org.br\\\/wp-content\\\/uploads\\\/2022\\\/04\\\/logo-header.png\",\"contentUrl\":\"https:\\\/\\\/www.novosertao.org.br\\\/wp-content\\\/uploads\\\/2022\\\/04\\\/logo-header.png\",\"width\":242,\"height\":86,\"caption\":\"Novo Sert\u00e3o\"},\"image\":{\"@id\":\"https:\\\/\\\/www.novosertao.org.br\\\/#\\\/schema\\\/logo\\\/image\\\/\"},\"sameAs\":[\"https:\\\/\\\/www.facebook.com\\\/nvsertao\\\/\",\"https:\\\/\\\/www.instagram.com\\\/novo_sertao\\\/\",\"https:\\\/\\\/www.youtube.com\\\/c\\\/INSTITUTONOVOSERTO\",\"https:\\\/\\\/www.linkedin.com\\\/company\\\/instituto-novo-serto\\\/\"]},{\"@type\":\"Person\",\"@id\":\"https:\\\/\\\/www.novosertao.org.br\\\/#\\\/schema\\\/person\\\/97e1c5a3d35172433b76bcb3ae49d328\",\"name\":\"novosertao\",\"sameAs\":[\"https:\\\/\\\/novosertao.org.br\"],\"url\":\"https:\\\/\\\/www.novosertao.org.br\\\/en\\\/author\\\/novosertao\\\/\"}]}<\/script>\n<!-- \/ Yoast SEO plugin. -->","yoast_head_json":{"title":"Novo Sert\u00e3o e Funda\u00e7\u00e3o Edmilson: 10 anos de transforma\u00e7\u00e3o","description":"O Instituto Novo Sert\u00e3o celebra 10 anos com a inaugura\u00e7\u00e3o da nova sede e um espet\u00e1culo cultural que marcou a hist\u00f3ria do Sert\u00e3o.","robots":{"index":"index","follow":"follow","max-snippet":"max-snippet:-1","max-image-preview":"max-image-preview:large","max-video-preview":"max-video-preview:-1"},"canonical":"https:\/\/www.novosertao.org.br\/en\/noticias\/primeira-edicao-da-feira-da-agricultura-familiar-de-2026-em-um-novo-espaco\/","twitter_card":"summary_large_image","twitter_title":"Novo Sert\u00e3o e Funda\u00e7\u00e3o Edmilson: 10 anos de transforma\u00e7\u00e3o","twitter_description":"O Instituto Novo Sert\u00e3o celebra 10 anos com a inaugura\u00e7\u00e3o da nova sede e um espet\u00e1culo cultural que marcou a hist\u00f3ria do Sert\u00e3o.","twitter_image":"https:\/\/www.novosertao.org.br\/wp-content\/uploads\/2026\/01\/DSC00145-scaled.jpg","twitter_misc":{"Written by":"novosertao","Est. reading time":"5 minutes"},"schema":{"@context":"https:\/\/schema.org","@graph":[{"@type":"Article","@id":"https:\/\/www.novosertao.org.br\/noticias\/primeira-edicao-da-feira-da-agricultura-familiar-de-2026-em-um-novo-espaco\/#article","isPartOf":{"@id":"https:\/\/www.novosertao.org.br\/noticias\/primeira-edicao-da-feira-da-agricultura-familiar-de-2026-em-um-novo-espaco\/"},"author":{"name":"novosertao","@id":"https:\/\/www.novosertao.org.br\/#\/schema\/person\/97e1c5a3d35172433b76bcb3ae49d328"},"headline":"Primeira edi\u00e7\u00e3o da Feira da Agricultura Familiar de 2026 em um novo espa\u00e7o","datePublished":"2026-01-29T12:01:11+00:00","dateModified":"2026-01-29T12:28:45+00:00","mainEntityOfPage":{"@id":"https:\/\/www.novosertao.org.br\/noticias\/primeira-edicao-da-feira-da-agricultura-familiar-de-2026-em-um-novo-espaco\/"},"wordCount":604,"publisher":{"@id":"https:\/\/www.novosertao.org.br\/#organization"},"image":{"@id":"https:\/\/www.novosertao.org.br\/noticias\/primeira-edicao-da-feira-da-agricultura-familiar-de-2026-em-um-novo-espaco\/#primaryimage"},"thumbnailUrl":"https:\/\/www.novosertao.org.br\/wp-content\/uploads\/2026\/01\/DSC00145-scaled.jpg","articleSection":["Not\u00edcias"],"inLanguage":"en-US"},{"@type":"WebPage","@id":"https:\/\/www.novosertao.org.br\/noticias\/primeira-edicao-da-feira-da-agricultura-familiar-de-2026-em-um-novo-espaco\/","url":"https:\/\/www.novosertao.org.br\/noticias\/primeira-edicao-da-feira-da-agricultura-familiar-de-2026-em-um-novo-espaco\/","name":"Novo Sert\u00e3o e Funda\u00e7\u00e3o Edmilson: 10 anos de transforma\u00e7\u00e3o","isPartOf":{"@id":"https:\/\/www.novosertao.org.br\/#website"},"primaryImageOfPage":{"@id":"https:\/\/www.novosertao.org.br\/noticias\/primeira-edicao-da-feira-da-agricultura-familiar-de-2026-em-um-novo-espaco\/#primaryimage"},"image":{"@id":"https:\/\/www.novosertao.org.br\/noticias\/primeira-edicao-da-feira-da-agricultura-familiar-de-2026-em-um-novo-espaco\/#primaryimage"},"thumbnailUrl":"https:\/\/www.novosertao.org.br\/wp-content\/uploads\/2026\/01\/DSC00145-scaled.jpg","datePublished":"2026-01-29T12:01:11+00:00","dateModified":"2026-01-29T12:28:45+00:00","description":"O Instituto Novo Sert\u00e3o celebra 10 anos com a inaugura\u00e7\u00e3o da nova sede e um espet\u00e1culo cultural que marcou a hist\u00f3ria do Sert\u00e3o.","breadcrumb":{"@id":"https:\/\/www.novosertao.org.br\/noticias\/primeira-edicao-da-feira-da-agricultura-familiar-de-2026-em-um-novo-espaco\/#breadcrumb"},"inLanguage":"en-US","potentialAction":[{"@type":"ReadAction","target":["https:\/\/www.novosertao.org.br\/noticias\/primeira-edicao-da-feira-da-agricultura-familiar-de-2026-em-um-novo-espaco\/"]}]},{"@type":"ImageObject","inLanguage":"en-US","@id":"https:\/\/www.novosertao.org.br\/noticias\/primeira-edicao-da-feira-da-agricultura-familiar-de-2026-em-um-novo-espaco\/#primaryimage","url":"https:\/\/www.novosertao.org.br\/wp-content\/uploads\/2026\/01\/DSC00145-scaled.jpg","contentUrl":"https:\/\/www.novosertao.org.br\/wp-content\/uploads\/2026\/01\/DSC00145-scaled.jpg","width":2048,"height":2560},{"@type":"BreadcrumbList","@id":"https:\/\/www.novosertao.org.br\/noticias\/primeira-edicao-da-feira-da-agricultura-familiar-de-2026-em-um-novo-espaco\/#breadcrumb","itemListElement":[{"@type":"ListItem","position":1,"name":"In\u00edcio","item":"https:\/\/www.novosertao.org.br\/"},{"@type":"ListItem","position":2,"name":"Primeira edi\u00e7\u00e3o da Feira da Agricultura Familiar de 2026 em um novo espa\u00e7o"}]},{"@type":"WebSite","@id":"https:\/\/www.novosertao.org.br\/#website","url":"https:\/\/www.novosertao.org.br\/","name":"New Sert\u00e3o","description":"Together for the Sert\u00e3o","publisher":{"@id":"https:\/\/www.novosertao.org.br\/#organization"},"potentialAction":[{"@type":"SearchAction","target":{"@type":"EntryPoint","urlTemplate":"https:\/\/www.novosertao.org.br\/?s={search_term_string}"},"query-input":{"@type":"PropertyValueSpecification","valueRequired":true,"valueName":"search_term_string"}}],"inLanguage":"en-US"},{"@type":"Organization","@id":"https:\/\/www.novosertao.org.br\/#organization","name":"New Sert\u00e3o","url":"https:\/\/www.novosertao.org.br\/","logo":{"@type":"ImageObject","inLanguage":"en-US","@id":"https:\/\/www.novosertao.org.br\/#\/schema\/logo\/image\/","url":"https:\/\/www.novosertao.org.br\/wp-content\/uploads\/2022\/04\/logo-header.png","contentUrl":"https:\/\/www.novosertao.org.br\/wp-content\/uploads\/2022\/04\/logo-header.png","width":242,"height":86,"caption":"Novo Sert\u00e3o"},"image":{"@id":"https:\/\/www.novosertao.org.br\/#\/schema\/logo\/image\/"},"sameAs":["https:\/\/www.facebook.com\/nvsertao\/","https:\/\/www.instagram.com\/novo_sertao\/","https:\/\/www.youtube.com\/c\/INSTITUTONOVOSERTO","https:\/\/www.linkedin.com\/company\/instituto-novo-serto\/"]},{"@type":"Person","@id":"https:\/\/www.novosertao.org.br\/#\/schema\/person\/97e1c5a3d35172433b76bcb3ae49d328","name":"novosertao","sameAs":["https:\/\/novosertao.org.br"],"url":"https:\/\/www.novosertao.org.br\/en\/author\/novosertao\/"}]}},"_links":{"self":[{"href":"https:\/\/www.novosertao.org.br\/en\/wp-json\/wp\/v2\/posts\/5945","targetHints":{"allow":["GET"]}}],"collection":[{"href":"https:\/\/www.novosertao.org.br\/en\/wp-json\/wp\/v2\/posts"}],"about":[{"href":"https:\/\/www.novosertao.org.br\/en\/wp-json\/wp\/v2\/types\/post"}],"author":[{"embeddable":true,"href":"https:\/\/www.novosertao.org.br\/en\/wp-json\/wp\/v2\/users\/1"}],"replies":[{"embeddable":true,"href":"https:\/\/www.novosertao.org.br\/en\/wp-json\/wp\/v2\/comments?post=5945"}],"version-history":[{"count":19,"href":"https:\/\/www.novosertao.org.br\/en\/wp-json\/wp\/v2\/posts\/5945\/revisions"}],"predecessor-version":[{"id":6023,"href":"https:\/\/www.novosertao.org.br\/en\/wp-json\/wp\/v2\/posts\/5945\/revisions\/6023"}],"wp:featuredmedia":[{"embeddable":true,"href":"https:\/\/www.novosertao.org.br\/en\/wp-json\/wp\/v2\/media\/5951"}],"wp:attachment":[{"href":"https:\/\/www.novosertao.org.br\/en\/wp-json\/wp\/v2\/media?parent=5945"}],"wp:term":[{"taxonomy":"category","embeddable":true,"href":"https:\/\/www.novosertao.org.br\/en\/wp-json\/wp\/v2\/categories?post=5945"},{"taxonomy":"post_tag","embeddable":true,"href":"https:\/\/www.novosertao.org.br\/en\/wp-json\/wp\/v2\/tags?post=5945"}],"curies":[{"name":"wp","href":"https:\/\/api.w.org\/{rel}","templated":true}]}}