{"id":5866,"date":"2025-12-09T11:27:23","date_gmt":"2025-12-09T14:27:23","guid":{"rendered":"https:\/\/www.novosertao.org.br\/?p=5866"},"modified":"2025-12-09T11:27:23","modified_gmt":"2025-12-09T14:27:23","slug":"parceria-instituto-novo-sertao-e-fundacao-edmilson","status":"publish","type":"post","link":"https:\/\/www.novosertao.org.br\/en\/noticias\/parceria-instituto-novo-sertao-e-fundacao-edmilson\/","title":{"rendered":"Parceria Instituto Novo Sert\u00e3o e Funda\u00e7\u00e3o Edmilson: Uma D\u00e9cada de Transforma\u00e7\u00e3o no Sert\u00e3o"},"content":{"rendered":"<p>A Decade of Transformation: How the Partnership between the Instituto Novo Sert\u00e3o and the Edmilson Foundation Changed the Sert\u00e3o Region<\/p>\n\n\n\n<p>Ten years ago, a meeting of minds sparked a story that continues to inspire the Semi-Arid region. The union between the Instituto Novo Sert\u00e3o and the Edmilson Foundation was born from the desire to transform dreams into real impact \u2014 and, over this decade, this partnership has solidified as a force that generates profound and lasting changes in the heart of the Sert\u00e3o.<\/p>\n\n\n\n<figure class=\"wp-block-image size-large is-resized\"><img fetchpriority=\"high\" decoding=\"async\" width=\"1024\" height=\"683\" src=\"https:\/\/www.novosertao.org.br\/wp-content\/uploads\/2025\/12\/DSC06896_compressed-1024x683.jpg\" alt=\"Ex-jogador Edmilson com aluna e familiares no Sert\u00e3o.\" class=\"wp-image-5869\" style=\"width:675px;height:auto\" srcset=\"https:\/\/www.novosertao.org.br\/wp-content\/uploads\/2025\/12\/DSC06896_compressed-1024x683.jpg 1024w, https:\/\/www.novosertao.org.br\/wp-content\/uploads\/2025\/12\/DSC06896_compressed-300x200.jpg 300w, https:\/\/www.novosertao.org.br\/wp-content\/uploads\/2025\/12\/DSC06896_compressed-768x512.jpg 768w, https:\/\/www.novosertao.org.br\/wp-content\/uploads\/2025\/12\/DSC06896_compressed-1536x1024.jpg 1536w, https:\/\/www.novosertao.org.br\/wp-content\/uploads\/2025\/12\/DSC06896_compressed-2048x1365.jpg 2048w, https:\/\/www.novosertao.org.br\/wp-content\/uploads\/2025\/12\/DSC06896_compressed-18x12.jpg 18w\" sizes=\"(max-width: 1024px) 100vw, 1024px\" \/><\/figure>\n\n\n\n<p><strong>A partnership that opens doors.<\/strong><\/p>\n\n\n\n<p>From the very beginning, the partnership between Instituto Novo Sert\u00e3o and Funda\u00e7\u00e3o Edmilson has been crucial in bringing projects to life and delivering essential initiatives to the families most in need. Furthermore, mutual trust and ongoing commitment have enabled the creation of structural actions, strengthening social development in various communities.<\/p>\n\n\n\n<p>Learn more about the FutSert\u00e3o project by clicking here. <a href=\"https:\/\/www.instagram.com\/p\/DRmmqIfk_Tx\/?img_index=1\"><strong>here.<\/strong>.<\/a><\/p>\n\n\n\n<h2 class=\"wp-block-heading\"><strong>Solutions that strengthen communities<\/strong><\/h2>\n\n\n\n<p>Among the results of this partnership, the Water Reuse program stands out as a concrete response to the challenges of drought. Through this sustainable solution, families in the Semi-Arid region have achieved savings, dignity, and autonomy in water use\u2014a fundamental advance in strengthening the resilience of communities facing long periods of drought.<\/p>\n\n\n\n<figure class=\"wp-block-image size-large is-resized\"><img decoding=\"async\" width=\"1440\" height=\"1080\" src=\"https:\/\/www.novosertao.org.br\/wp-content\/uploads\/2025\/12\/1C0D3174-DA27-4604-A3BB-55B12AC827B8-edited.jpg\" alt=\"\" class=\"wp-image-5872\" style=\"width:701px;height:auto\" srcset=\"https:\/\/www.novosertao.org.br\/wp-content\/uploads\/2025\/12\/1C0D3174-DA27-4604-A3BB-55B12AC827B8-edited.jpg 1440w, https:\/\/www.novosertao.org.br\/wp-content\/uploads\/2025\/12\/1C0D3174-DA27-4604-A3BB-55B12AC827B8-edited-300x225.jpg 300w, https:\/\/www.novosertao.org.br\/wp-content\/uploads\/2025\/12\/1C0D3174-DA27-4604-A3BB-55B12AC827B8-edited-1024x768.jpg 1024w, https:\/\/www.novosertao.org.br\/wp-content\/uploads\/2025\/12\/1C0D3174-DA27-4604-A3BB-55B12AC827B8-edited-768x576.jpg 768w, https:\/\/www.novosertao.org.br\/wp-content\/uploads\/2025\/12\/1C0D3174-DA27-4604-A3BB-55B12AC827B8-edited-16x12.jpg 16w\" sizes=\"(max-width: 1440px) 100vw, 1440px\" \/><\/figure>\n\n\n\n<h2 class=\"wp-block-heading\"><strong>Training that inspires new futures.<\/strong><\/h2>\n\n\n\n<p>Another important milestone is the FutSert\u00e3o project, which gained life and strength thanks to the continuous support of the Edmilson Foundation. From the first dirt field to the training of young athletes, the partnership has enabled training, championships, and opportunities that have broadened horizons. Today, many of these young people dream of\u2014and achieve\u2014paths that once seemed distant.<\/p>\n\n\n\n<figure class=\"wp-block-image size-large is-resized\"><img decoding=\"async\" width=\"2560\" height=\"1920\" src=\"https:\/\/www.novosertao.org.br\/wp-content\/uploads\/2025\/12\/IMG_6006-edited-scaled.jpg\" alt=\"\" class=\"wp-image-5871\" style=\"width:675px;height:auto\" srcset=\"https:\/\/www.novosertao.org.br\/wp-content\/uploads\/2025\/12\/IMG_6006-edited-scaled.jpg 2560w, https:\/\/www.novosertao.org.br\/wp-content\/uploads\/2025\/12\/IMG_6006-edited-300x225.jpg 300w, https:\/\/www.novosertao.org.br\/wp-content\/uploads\/2025\/12\/IMG_6006-edited-1024x768.jpg 1024w, https:\/\/www.novosertao.org.br\/wp-content\/uploads\/2025\/12\/IMG_6006-edited-768x576.jpg 768w, https:\/\/www.novosertao.org.br\/wp-content\/uploads\/2025\/12\/IMG_6006-edited-1536x1152.jpg 1536w, https:\/\/www.novosertao.org.br\/wp-content\/uploads\/2025\/12\/IMG_6006-edited-2048x1536.jpg 2048w, https:\/\/www.novosertao.org.br\/wp-content\/uploads\/2025\/12\/IMG_6006-edited-16x12.jpg 16w\" sizes=\"(max-width: 2560px) 100vw, 2560px\" \/><\/figure>\n\n\n\n<h2 class=\"wp-block-heading\"><strong>A story built side by side<\/strong><\/h2>\n\n\n\n<p>Thus, this is not merely an institutional collaboration but, above all, a joint endeavor. Furthermore, the partnership between Instituto Novo Sert\u00e3o and Funda\u00e7\u00e3o Edmilson represents a union of purpose, built on presence, trust, and the celebration of each achievement. Consequently, the Foundation has become an essential part of the Institute's trajectory, walking alongside it in every advancement and leaving a permanent mark on the development of the Sert\u00e3o region.<\/p>\n\n\n\n<h3 class=\"wp-block-heading\">Um futuro que continua f\u00e9rtil<\/h3>\n\n\n\n<p>Thus, if the first decade has already yielded extraordinary results, the future promises even more. Therefore, we continue to expand projects, strengthen actions, and build a Sert\u00e3o region with more opportunities, hope, and social development. Furthermore, we continue to move forward with the commitment to transform realities. And, above all, we continue together\u2014because true transformation happens when we walk side by side.<\/p>\n\n\n\n<p>Be a part of this mission, <a href=\"https:\/\/www.novosertao.org.br\/en\/doe-agora\/\">donate here!<\/a><\/p>\n\n\n\n<h2 class=\"wp-block-heading\"><strong>Together for a Transformed Sert\u00e3o!<\/strong><\/h2>\n\n\n<div class=\"wp-block-site-logo\"><a href=\"https:\/\/www.novosertao.org.br\/en\/\" class=\"custom-logo-link\" rel=\"home\"><img loading=\"lazy\" decoding=\"async\" width=\"180\" height=\"63\" src=\"https:\/\/www.novosertao.org.br\/wp-content\/uploads\/2022\/04\/logo-header.png\" class=\"custom-logo\" alt=\"Novo Sert\u00e3o\" srcset=\"https:\/\/www.novosertao.org.br\/wp-content\/uploads\/2022\/04\/logo-header.png 242w, https:\/\/www.novosertao.org.br\/wp-content\/uploads\/2022\/04\/logo-header-18x6.png 18w\" sizes=\"(max-width: 180px) 100vw, 180px\" \/><\/a><\/div>\n\n\n<p><\/p>","protected":false},"excerpt":{"rendered":"<p>Uma D\u00e9cada de Transforma\u00e7\u00e3o: Como a Parceria entre o Instituto Novo Sert\u00e3o e a Funda\u00e7\u00e3o Edmilson Mudou o Sert\u00e3o H\u00e1 10 anos, um encontro de prop\u00f3sitos deu in\u00edcio a uma hist\u00f3ria que segue inspirando o Semi\u00e1rido. A uni\u00e3o entre o Instituto Novo Sert\u00e3o e a Funda\u00e7\u00e3o Edmilson nasceu do desejo de transformar sonhos em impacto&hellip; <a class=\"continue\" href=\"https:\/\/www.novosertao.org.br\/en\/noticias\/parceria-instituto-novo-sertao-e-fundacao-edmilson\/\">Continue lendo<span> Parceria Instituto Novo Sert\u00e3o e Funda\u00e7\u00e3o Edmilson: Uma D\u00e9cada de Transforma\u00e7\u00e3o no Sert\u00e3o<\/span><\/a><\/p>","protected":false},"author":1,"featured_media":5873,"comment_status":"closed","ping_status":"closed","sticky":false,"template":"","format":"standard","meta":{"footnotes":""},"categories":[86,36],"tags":[],"class_list":["post-5866","post","type-post","status-publish","format-standard","has-post-thumbnail","hentry","category-futsertao","category-noticias"],"yoast_head":"<!-- This site is optimized with the Yoast SEO plugin v27.5 - https:\/\/yoast.com\/product\/yoast-seo-wordpress\/ -->\n<title>Novo Sert\u00e3o e Funda\u00e7\u00e3o Edmilson: 10 anos de transforma\u00e7\u00e3o<\/title>\n<meta name=\"description\" content=\"A parceria Instituto Novo Sert\u00e3o e Funda\u00e7\u00e3o Edmilson completa 10 anos apoiando o esporte no Sert\u00e3o, levando transforma\u00e7\u00e3o social!\" \/>\n<meta name=\"robots\" content=\"index, follow, max-snippet:-1, max-image-preview:large, max-video-preview:-1\" \/>\n<link rel=\"canonical\" href=\"https:\/\/www.novosertao.org.br\/en\/noticias\/parceria-instituto-novo-sertao-e-fundacao-edmilson\/\" \/>\n<meta name=\"twitter:card\" content=\"summary_large_image\" \/>\n<meta name=\"twitter:title\" content=\"Novo Sert\u00e3o e Funda\u00e7\u00e3o Edmilson: 10 anos de transforma\u00e7\u00e3o\" \/>\n<meta name=\"twitter:description\" content=\"A parceria Instituto Novo Sert\u00e3o e Funda\u00e7\u00e3o Edmilson completa 10 anos apoiando o esporte no Sert\u00e3o, levando transforma\u00e7\u00e3o social!\" \/>\n<meta name=\"twitter:label1\" content=\"Written by\" \/>\n\t<meta name=\"twitter:data1\" content=\"novosertao\" \/>\n\t<meta name=\"twitter:label2\" content=\"Est. reading time\" \/>\n\t<meta name=\"twitter:data2\" content=\"4 minutes\" \/>\n<script type=\"application\/ld+json\" class=\"yoast-schema-graph\">{\"@context\":\"https:\\\/\\\/schema.org\",\"@graph\":[{\"@type\":\"Article\",\"@id\":\"https:\\\/\\\/www.novosertao.org.br\\\/noticias\\\/parceria-instituto-novo-sertao-e-fundacao-edmilson\\\/#article\",\"isPartOf\":{\"@id\":\"https:\\\/\\\/www.novosertao.org.br\\\/noticias\\\/parceria-instituto-novo-sertao-e-fundacao-edmilson\\\/\"},\"author\":{\"name\":\"novosertao\",\"@id\":\"https:\\\/\\\/www.novosertao.org.br\\\/#\\\/schema\\\/person\\\/97e1c5a3d35172433b76bcb3ae49d328\"},\"headline\":\"Parceria Instituto Novo Sert\u00e3o e Funda\u00e7\u00e3o Edmilson: Uma D\u00e9cada de Transforma\u00e7\u00e3o no Sert\u00e3o\",\"datePublished\":\"2025-12-09T14:27:23+00:00\",\"mainEntityOfPage\":{\"@id\":\"https:\\\/\\\/www.novosertao.org.br\\\/noticias\\\/parceria-instituto-novo-sertao-e-fundacao-edmilson\\\/\"},\"wordCount\":490,\"publisher\":{\"@id\":\"https:\\\/\\\/www.novosertao.org.br\\\/#organization\"},\"image\":{\"@id\":\"https:\\\/\\\/www.novosertao.org.br\\\/noticias\\\/parceria-instituto-novo-sertao-e-fundacao-edmilson\\\/#primaryimage\"},\"thumbnailUrl\":\"https:\\\/\\\/www.novosertao.org.br\\\/wp-content\\\/uploads\\\/2025\\\/12\\\/IMG_5875-scaled.jpg\",\"articleSection\":[\"Futsert\u00e3o\",\"Not\u00edcias\"],\"inLanguage\":\"en-US\"},{\"@type\":\"WebPage\",\"@id\":\"https:\\\/\\\/www.novosertao.org.br\\\/noticias\\\/parceria-instituto-novo-sertao-e-fundacao-edmilson\\\/\",\"url\":\"https:\\\/\\\/www.novosertao.org.br\\\/noticias\\\/parceria-instituto-novo-sertao-e-fundacao-edmilson\\\/\",\"name\":\"Novo Sert\u00e3o e Funda\u00e7\u00e3o Edmilson: 10 anos de transforma\u00e7\u00e3o\",\"isPartOf\":{\"@id\":\"https:\\\/\\\/www.novosertao.org.br\\\/#website\"},\"primaryImageOfPage\":{\"@id\":\"https:\\\/\\\/www.novosertao.org.br\\\/noticias\\\/parceria-instituto-novo-sertao-e-fundacao-edmilson\\\/#primaryimage\"},\"image\":{\"@id\":\"https:\\\/\\\/www.novosertao.org.br\\\/noticias\\\/parceria-instituto-novo-sertao-e-fundacao-edmilson\\\/#primaryimage\"},\"thumbnailUrl\":\"https:\\\/\\\/www.novosertao.org.br\\\/wp-content\\\/uploads\\\/2025\\\/12\\\/IMG_5875-scaled.jpg\",\"datePublished\":\"2025-12-09T14:27:23+00:00\",\"description\":\"A parceria Instituto Novo Sert\u00e3o e Funda\u00e7\u00e3o Edmilson completa 10 anos apoiando o esporte no Sert\u00e3o, levando transforma\u00e7\u00e3o social!\",\"breadcrumb\":{\"@id\":\"https:\\\/\\\/www.novosertao.org.br\\\/noticias\\\/parceria-instituto-novo-sertao-e-fundacao-edmilson\\\/#breadcrumb\"},\"inLanguage\":\"en-US\",\"potentialAction\":[{\"@type\":\"ReadAction\",\"target\":[\"https:\\\/\\\/www.novosertao.org.br\\\/noticias\\\/parceria-instituto-novo-sertao-e-fundacao-edmilson\\\/\"]}]},{\"@type\":\"ImageObject\",\"inLanguage\":\"en-US\",\"@id\":\"https:\\\/\\\/www.novosertao.org.br\\\/noticias\\\/parceria-instituto-novo-sertao-e-fundacao-edmilson\\\/#primaryimage\",\"url\":\"https:\\\/\\\/www.novosertao.org.br\\\/wp-content\\\/uploads\\\/2025\\\/12\\\/IMG_5875-scaled.jpg\",\"contentUrl\":\"https:\\\/\\\/www.novosertao.org.br\\\/wp-content\\\/uploads\\\/2025\\\/12\\\/IMG_5875-scaled.jpg\",\"width\":2560,\"height\":1920},{\"@type\":\"BreadcrumbList\",\"@id\":\"https:\\\/\\\/www.novosertao.org.br\\\/noticias\\\/parceria-instituto-novo-sertao-e-fundacao-edmilson\\\/#breadcrumb\",\"itemListElement\":[{\"@type\":\"ListItem\",\"position\":1,\"name\":\"In\u00edcio\",\"item\":\"https:\\\/\\\/www.novosertao.org.br\\\/\"},{\"@type\":\"ListItem\",\"position\":2,\"name\":\"Parceria Instituto Novo Sert\u00e3o e Funda\u00e7\u00e3o Edmilson: Uma D\u00e9cada de Transforma\u00e7\u00e3o no Sert\u00e3o\"}]},{\"@type\":\"WebSite\",\"@id\":\"https:\\\/\\\/www.novosertao.org.br\\\/#website\",\"url\":\"https:\\\/\\\/www.novosertao.org.br\\\/\",\"name\":\"Novo Sert\u00e3o\",\"description\":\"Juntos pelo Sert\u00e3o\",\"publisher\":{\"@id\":\"https:\\\/\\\/www.novosertao.org.br\\\/#organization\"},\"potentialAction\":[{\"@type\":\"SearchAction\",\"target\":{\"@type\":\"EntryPoint\",\"urlTemplate\":\"https:\\\/\\\/www.novosertao.org.br\\\/?s={search_term_string}\"},\"query-input\":{\"@type\":\"PropertyValueSpecification\",\"valueRequired\":true,\"valueName\":\"search_term_string\"}}],\"inLanguage\":\"en-US\"},{\"@type\":\"Organization\",\"@id\":\"https:\\\/\\\/www.novosertao.org.br\\\/#organization\",\"name\":\"Novo Sert\u00e3o\",\"url\":\"https:\\\/\\\/www.novosertao.org.br\\\/\",\"logo\":{\"@type\":\"ImageObject\",\"inLanguage\":\"en-US\",\"@id\":\"https:\\\/\\\/www.novosertao.org.br\\\/#\\\/schema\\\/logo\\\/image\\\/\",\"url\":\"https:\\\/\\\/www.novosertao.org.br\\\/wp-content\\\/uploads\\\/2022\\\/04\\\/logo-header.png\",\"contentUrl\":\"https:\\\/\\\/www.novosertao.org.br\\\/wp-content\\\/uploads\\\/2022\\\/04\\\/logo-header.png\",\"width\":242,\"height\":86,\"caption\":\"Novo Sert\u00e3o\"},\"image\":{\"@id\":\"https:\\\/\\\/www.novosertao.org.br\\\/#\\\/schema\\\/logo\\\/image\\\/\"},\"sameAs\":[\"https:\\\/\\\/www.facebook.com\\\/nvsertao\\\/\",\"https:\\\/\\\/www.instagram.com\\\/novo_sertao\\\/\",\"https:\\\/\\\/www.youtube.com\\\/c\\\/INSTITUTONOVOSERTO\",\"https:\\\/\\\/www.linkedin.com\\\/company\\\/instituto-novo-serto\\\/\"]},{\"@type\":\"Person\",\"@id\":\"https:\\\/\\\/www.novosertao.org.br\\\/#\\\/schema\\\/person\\\/97e1c5a3d35172433b76bcb3ae49d328\",\"name\":\"novosertao\",\"sameAs\":[\"https:\\\/\\\/novosertao.org.br\"],\"url\":\"https:\\\/\\\/www.novosertao.org.br\\\/en\\\/author\\\/novosertao\\\/\"}]}<\/script>\n<!-- \/ Yoast SEO plugin. -->","yoast_head_json":{"title":"Novo Sert\u00e3o e Funda\u00e7\u00e3o Edmilson: 10 anos de transforma\u00e7\u00e3o","description":"A parceria Instituto Novo Sert\u00e3o e Funda\u00e7\u00e3o Edmilson completa 10 anos apoiando o esporte no Sert\u00e3o, levando transforma\u00e7\u00e3o social!","robots":{"index":"index","follow":"follow","max-snippet":"max-snippet:-1","max-image-preview":"max-image-preview:large","max-video-preview":"max-video-preview:-1"},"canonical":"https:\/\/www.novosertao.org.br\/en\/noticias\/parceria-instituto-novo-sertao-e-fundacao-edmilson\/","twitter_card":"summary_large_image","twitter_title":"Novo Sert\u00e3o e Funda\u00e7\u00e3o Edmilson: 10 anos de transforma\u00e7\u00e3o","twitter_description":"A parceria Instituto Novo Sert\u00e3o e Funda\u00e7\u00e3o Edmilson completa 10 anos apoiando o esporte no Sert\u00e3o, levando transforma\u00e7\u00e3o social!","twitter_misc":{"Written by":"novosertao","Est. reading time":"4 minutes"},"schema":{"@context":"https:\/\/schema.org","@graph":[{"@type":"Article","@id":"https:\/\/www.novosertao.org.br\/noticias\/parceria-instituto-novo-sertao-e-fundacao-edmilson\/#article","isPartOf":{"@id":"https:\/\/www.novosertao.org.br\/noticias\/parceria-instituto-novo-sertao-e-fundacao-edmilson\/"},"author":{"name":"novosertao","@id":"https:\/\/www.novosertao.org.br\/#\/schema\/person\/97e1c5a3d35172433b76bcb3ae49d328"},"headline":"Parceria Instituto Novo Sert\u00e3o e Funda\u00e7\u00e3o Edmilson: Uma D\u00e9cada de Transforma\u00e7\u00e3o no Sert\u00e3o","datePublished":"2025-12-09T14:27:23+00:00","mainEntityOfPage":{"@id":"https:\/\/www.novosertao.org.br\/noticias\/parceria-instituto-novo-sertao-e-fundacao-edmilson\/"},"wordCount":490,"publisher":{"@id":"https:\/\/www.novosertao.org.br\/#organization"},"image":{"@id":"https:\/\/www.novosertao.org.br\/noticias\/parceria-instituto-novo-sertao-e-fundacao-edmilson\/#primaryimage"},"thumbnailUrl":"https:\/\/www.novosertao.org.br\/wp-content\/uploads\/2025\/12\/IMG_5875-scaled.jpg","articleSection":["Futsert\u00e3o","Not\u00edcias"],"inLanguage":"en-US"},{"@type":"WebPage","@id":"https:\/\/www.novosertao.org.br\/noticias\/parceria-instituto-novo-sertao-e-fundacao-edmilson\/","url":"https:\/\/www.novosertao.org.br\/noticias\/parceria-instituto-novo-sertao-e-fundacao-edmilson\/","name":"Novo Sert\u00e3o e Funda\u00e7\u00e3o Edmilson: 10 anos de transforma\u00e7\u00e3o","isPartOf":{"@id":"https:\/\/www.novosertao.org.br\/#website"},"primaryImageOfPage":{"@id":"https:\/\/www.novosertao.org.br\/noticias\/parceria-instituto-novo-sertao-e-fundacao-edmilson\/#primaryimage"},"image":{"@id":"https:\/\/www.novosertao.org.br\/noticias\/parceria-instituto-novo-sertao-e-fundacao-edmilson\/#primaryimage"},"thumbnailUrl":"https:\/\/www.novosertao.org.br\/wp-content\/uploads\/2025\/12\/IMG_5875-scaled.jpg","datePublished":"2025-12-09T14:27:23+00:00","description":"A parceria Instituto Novo Sert\u00e3o e Funda\u00e7\u00e3o Edmilson completa 10 anos apoiando o esporte no Sert\u00e3o, levando transforma\u00e7\u00e3o social!","breadcrumb":{"@id":"https:\/\/www.novosertao.org.br\/noticias\/parceria-instituto-novo-sertao-e-fundacao-edmilson\/#breadcrumb"},"inLanguage":"en-US","potentialAction":[{"@type":"ReadAction","target":["https:\/\/www.novosertao.org.br\/noticias\/parceria-instituto-novo-sertao-e-fundacao-edmilson\/"]}]},{"@type":"ImageObject","inLanguage":"en-US","@id":"https:\/\/www.novosertao.org.br\/noticias\/parceria-instituto-novo-sertao-e-fundacao-edmilson\/#primaryimage","url":"https:\/\/www.novosertao.org.br\/wp-content\/uploads\/2025\/12\/IMG_5875-scaled.jpg","contentUrl":"https:\/\/www.novosertao.org.br\/wp-content\/uploads\/2025\/12\/IMG_5875-scaled.jpg","width":2560,"height":1920},{"@type":"BreadcrumbList","@id":"https:\/\/www.novosertao.org.br\/noticias\/parceria-instituto-novo-sertao-e-fundacao-edmilson\/#breadcrumb","itemListElement":[{"@type":"ListItem","position":1,"name":"In\u00edcio","item":"https:\/\/www.novosertao.org.br\/"},{"@type":"ListItem","position":2,"name":"Parceria Instituto Novo Sert\u00e3o e Funda\u00e7\u00e3o Edmilson: Uma D\u00e9cada de Transforma\u00e7\u00e3o no Sert\u00e3o"}]},{"@type":"WebSite","@id":"https:\/\/www.novosertao.org.br\/#website","url":"https:\/\/www.novosertao.org.br\/","name":"New Sert\u00e3o","description":"Together for the Sert\u00e3o","publisher":{"@id":"https:\/\/www.novosertao.org.br\/#organization"},"potentialAction":[{"@type":"SearchAction","target":{"@type":"EntryPoint","urlTemplate":"https:\/\/www.novosertao.org.br\/?s={search_term_string}"},"query-input":{"@type":"PropertyValueSpecification","valueRequired":true,"valueName":"search_term_string"}}],"inLanguage":"en-US"},{"@type":"Organization","@id":"https:\/\/www.novosertao.org.br\/#organization","name":"New Sert\u00e3o","url":"https:\/\/www.novosertao.org.br\/","logo":{"@type":"ImageObject","inLanguage":"en-US","@id":"https:\/\/www.novosertao.org.br\/#\/schema\/logo\/image\/","url":"https:\/\/www.novosertao.org.br\/wp-content\/uploads\/2022\/04\/logo-header.png","contentUrl":"https:\/\/www.novosertao.org.br\/wp-content\/uploads\/2022\/04\/logo-header.png","width":242,"height":86,"caption":"Novo Sert\u00e3o"},"image":{"@id":"https:\/\/www.novosertao.org.br\/#\/schema\/logo\/image\/"},"sameAs":["https:\/\/www.facebook.com\/nvsertao\/","https:\/\/www.instagram.com\/novo_sertao\/","https:\/\/www.youtube.com\/c\/INSTITUTONOVOSERTO","https:\/\/www.linkedin.com\/company\/instituto-novo-serto\/"]},{"@type":"Person","@id":"https:\/\/www.novosertao.org.br\/#\/schema\/person\/97e1c5a3d35172433b76bcb3ae49d328","name":"novosertao","sameAs":["https:\/\/novosertao.org.br"],"url":"https:\/\/www.novosertao.org.br\/en\/author\/novosertao\/"}]}},"_links":{"self":[{"href":"https:\/\/www.novosertao.org.br\/en\/wp-json\/wp\/v2\/posts\/5866","targetHints":{"allow":["GET"]}}],"collection":[{"href":"https:\/\/www.novosertao.org.br\/en\/wp-json\/wp\/v2\/posts"}],"about":[{"href":"https:\/\/www.novosertao.org.br\/en\/wp-json\/wp\/v2\/types\/post"}],"author":[{"embeddable":true,"href":"https:\/\/www.novosertao.org.br\/en\/wp-json\/wp\/v2\/users\/1"}],"replies":[{"embeddable":true,"href":"https:\/\/www.novosertao.org.br\/en\/wp-json\/wp\/v2\/comments?post=5866"}],"version-history":[{"count":1,"href":"https:\/\/www.novosertao.org.br\/en\/wp-json\/wp\/v2\/posts\/5866\/revisions"}],"predecessor-version":[{"id":5874,"href":"https:\/\/www.novosertao.org.br\/en\/wp-json\/wp\/v2\/posts\/5866\/revisions\/5874"}],"wp:featuredmedia":[{"embeddable":true,"href":"https:\/\/www.novosertao.org.br\/en\/wp-json\/wp\/v2\/media\/5873"}],"wp:attachment":[{"href":"https:\/\/www.novosertao.org.br\/en\/wp-json\/wp\/v2\/media?parent=5866"}],"wp:term":[{"taxonomy":"category","embeddable":true,"href":"https:\/\/www.novosertao.org.br\/en\/wp-json\/wp\/v2\/categories?post=5866"},{"taxonomy":"post_tag","embeddable":true,"href":"https:\/\/www.novosertao.org.br\/en\/wp-json\/wp\/v2\/tags?post=5866"}],"curies":[{"name":"wp","href":"https:\/\/api.w.org\/{rel}","templated":true}]}}