{"id":4935,"date":"2025-04-14T10:45:38","date_gmt":"2025-04-14T13:45:38","guid":{"rendered":"https:\/\/www.novosertao.org.br\/?p=4935"},"modified":"2025-04-14T10:49:19","modified_gmt":"2025-04-14T13:49:19","slug":"instituto-novo-sertao-completa-10-anos-de-transformaca-social-no-sertao-nordestino","status":"publish","type":"post","link":"https:\/\/www.novosertao.org.br\/en\/noticias\/instituto-novo-sertao-completa-10-anos-de-transformaca-social-no-sertao-nordestino\/","title":{"rendered":"10 Years of Novo Sert\u00e3o: A Decade of Transformation in the Northeastern Sert\u00e3o"},"content":{"rendered":"<p><strong>10 Years of Novo Sert\u00e3o: A Decade of Transformation in the Northeastern Sert\u00e3o<\/strong>!<\/p>\n\n\n\n<p>Em 2025, o Instituto Novo Sert\u00e3o completa <strong>10 anos de exist\u00eancia<\/strong>. Uma d\u00e9cada inteira dedicada \u00e0 transforma\u00e7\u00e3o de vidas, sonhos e hist\u00f3rias no cora\u00e7\u00e3o do Sert\u00e3o Nordestino. Para n\u00f3s, celebrar 10 anos n\u00e3o \u00e9 apenas olhar para o passado, mas tamb\u00e9m reconhecer tudo o que foi constru\u00eddo junto com as comunidades e refor\u00e7ar, ainda mais, o nosso compromisso com um futuro esperan\u00e7oso, inclusivo e justo.<\/p>\n\n\n<div class=\"wp-block-image\">\n<figure class=\"aligncenter size-large is-resized\"><img fetchpriority=\"high\" decoding=\"async\" width=\"1024\" height=\"768\" src=\"https:\/\/www.novosertao.org.br\/wp-content\/uploads\/2025\/04\/WhatsApp-Image-2024-09-10-at-09.14.21-1-1024x768.jpeg\" alt=\"\" class=\"wp-image-4937\" style=\"width:412px;height:auto\" srcset=\"https:\/\/www.novosertao.org.br\/wp-content\/uploads\/2025\/04\/WhatsApp-Image-2024-09-10-at-09.14.21-1-1024x768.jpeg 1024w, https:\/\/www.novosertao.org.br\/wp-content\/uploads\/2025\/04\/WhatsApp-Image-2024-09-10-at-09.14.21-1-300x225.jpeg 300w, https:\/\/www.novosertao.org.br\/wp-content\/uploads\/2025\/04\/WhatsApp-Image-2024-09-10-at-09.14.21-1-768x576.jpeg 768w, https:\/\/www.novosertao.org.br\/wp-content\/uploads\/2025\/04\/WhatsApp-Image-2024-09-10-at-09.14.21-1-1536x1152.jpeg 1536w, https:\/\/www.novosertao.org.br\/wp-content\/uploads\/2025\/04\/WhatsApp-Image-2024-09-10-at-09.14.21-1-2048x1536.jpeg 2048w, https:\/\/www.novosertao.org.br\/wp-content\/uploads\/2025\/04\/WhatsApp-Image-2024-09-10-at-09.14.21-1-16x12.jpeg 16w\" sizes=\"(max-width: 1024px) 100vw, 1024px\" \/><\/figure>\n<\/div>\n\n\n<h2 class=\"wp-block-heading\">Onde tudo come\u00e7ou<\/h2>\n\n\n\n<p>Tudo come\u00e7ou l\u00e1 em 2015, quando nasceu o sonho do Novo Sert\u00e3o: fazer do Sert\u00e3o um lugar transformado. Desde ent\u00e3o, temos trabalhado incansavelmente para tornar esse sonho uma realidade. Um Sert\u00e3o onde a cultura floresce, onde a educa\u00e7\u00e3o alcan\u00e7a cada crian\u00e7a, onde o esporte se torna ferramenta de inclus\u00e3o e onde fam\u00edlias t\u00eam condi\u00e7\u00f5es de gerar renda com dignidade.<\/p>\n\n\n\n<p>Hoje, ao olhar para tr\u00e1s, vemos o quanto esse sonho coletivo tem se concretizado, passo a passo, com dedica\u00e7\u00e3o, parcerias e participa\u00e7\u00e3o ativa da comunidade.<\/p>\n\n\n\n<figure class=\"wp-block-image size-large is-resized\"><img decoding=\"async\" width=\"1024\" height=\"1024\" src=\"https:\/\/www.novosertao.org.br\/wp-content\/uploads\/2025\/04\/UMPOUC1-1024x1024.jpg\" alt=\"Crian\u00e7as aprendendo instrumentos musicais e tendo suas vidas transformadas!\" class=\"wp-image-4938\" style=\"width:442px;height:auto\" srcset=\"https:\/\/www.novosertao.org.br\/wp-content\/uploads\/2025\/04\/UMPOUC1-1024x1024.jpg 1024w, https:\/\/www.novosertao.org.br\/wp-content\/uploads\/2025\/04\/UMPOUC1-300x300.jpg 300w, https:\/\/www.novosertao.org.br\/wp-content\/uploads\/2025\/04\/UMPOUC1-150x150.jpg 150w, https:\/\/www.novosertao.org.br\/wp-content\/uploads\/2025\/04\/UMPOUC1-768x768.jpg 768w, https:\/\/www.novosertao.org.br\/wp-content\/uploads\/2025\/04\/UMPOUC1-12x12.jpg 12w, https:\/\/www.novosertao.org.br\/wp-content\/uploads\/2025\/04\/UMPOUC1-73x73.jpg 73w, https:\/\/www.novosertao.org.br\/wp-content\/uploads\/2025\/04\/UMPOUC1-77x77.jpg 77w, https:\/\/www.novosertao.org.br\/wp-content\/uploads\/2025\/04\/UMPOUC1.jpg 1080w\" sizes=\"(max-width: 1024px) 100vw, 1024px\" \/><\/figure>\n\n\n\n<h3 class=\"wp-block-heading\">Os pilares que nos sustentam<\/h3>\n\n\n\n<p>Nosso trabalho \u00e9 baseado em quatro pilares fundamentais, que orientam cada projeto e cada a\u00e7\u00e3o:<\/p>\n\n\n\n<ul class=\"wp-block-list\">\n<li><strong>Educa\u00e7\u00e3o<\/strong>: Por meio da tecnologia, jovens est\u00e3o aprimorando suas habilidades digitais com o projeto <em>Inova Sert\u00e3o<\/em>, temos criado oportunidades reais de aprendizagem. Al\u00e9m disso, estamos capacitando jovens para o futuro, despertando talentos e ampliando horizontes.<\/li>\n\n\n\n<li><\/li>\n\n\n\n<li><strong>Cultura<\/strong>: Investimos na valoriza\u00e7\u00e3o das ra\u00edzes sertanejas atrav\u00e9s da m\u00fasica e do Ballet. S\u00f3 o projeto de m\u00fasica, por exemplo, j\u00e1 atendeu mais de <strong>300 crian\u00e7as e adolescentes<\/strong>, contribuindo significativamente para o fortalecimento da identidade cultural e autoestima dos participantes.<\/li>\n\n\n\n<li><\/li>\n\n\n\n<li><strong>Sport<\/strong>: O futebol t\u00eam se mostrado uma poderosa ferramenta de transforma\u00e7\u00e3o social. Dessa forma, centenas de crian\u00e7as sa\u00edram de situa\u00e7\u00f5es de vulnerabilidade, desenvolvendo disciplina, trabalho em equipe e h\u00e1bitos saud\u00e1veis.<\/li>\n\n\n\n<li><\/li>\n\n\n\n<li><strong>Income Generation<\/strong>: Por meio dos <strong>Quintais Produtivos<\/strong> e da capacita\u00e7\u00e3o em agricultura familiar, promovemos seguran\u00e7a alimentar e autonomia financeira. Atualmente, mais de <strong>10 comunidades<\/strong> j\u00e1 foram beneficiadas com essa iniciativa que fortalece a economia local e estimula pr\u00e1ticas sustent\u00e1veis.<\/li>\n<\/ul>\n\n\n\n<figure class=\"wp-block-image size-large\"><a href=\"https:\/\/www.novosertao.org.br\/en\/projetos\/geracao-de-renda-no-sertao\/\"><img decoding=\"async\" width=\"1024\" height=\"576\" src=\"https:\/\/www.novosertao.org.br\/wp-content\/uploads\/2025\/04\/FLF00055-1-1024x576.jpeg\" alt=\"Produtora feliz por colher produtos 100% org\u00e2nicos e de qualidade. Isso \u00e9 transforma\u00e7\u00e3o! agricultura\" class=\"wp-image-4939\" srcset=\"https:\/\/www.novosertao.org.br\/wp-content\/uploads\/2025\/04\/FLF00055-1-1024x576.jpeg 1024w, https:\/\/www.novosertao.org.br\/wp-content\/uploads\/2025\/04\/FLF00055-1-300x169.jpeg 300w, https:\/\/www.novosertao.org.br\/wp-content\/uploads\/2025\/04\/FLF00055-1-768x432.jpeg 768w, https:\/\/www.novosertao.org.br\/wp-content\/uploads\/2025\/04\/FLF00055-1-1536x864.jpeg 1536w, https:\/\/www.novosertao.org.br\/wp-content\/uploads\/2025\/04\/FLF00055-1-2048x1152.jpeg 2048w, https:\/\/www.novosertao.org.br\/wp-content\/uploads\/2025\/04\/FLF00055-1-18x10.jpeg 18w\" sizes=\"(max-width: 1024px) 100vw, 1024px\" \/><\/a><\/figure>\n\n\n\n<h3 class=\"wp-block-heading\">A transforma\u00e7\u00e3o \u00e9 real<\/h3>\n\n\n\n<p>Ao longo desses 10 anos, j\u00e1 impactamos <strong>milhares de vidas diretamente<\/strong>. Cada uma dessas vidas carrega uma hist\u00f3ria de supera\u00e7\u00e3o e esperan\u00e7a.<\/p>\n\n\n<div class=\"wp-block-image\">\n<figure class=\"alignleft size-large is-resized\"><img loading=\"lazy\" decoding=\"async\" width=\"819\" height=\"1024\" src=\"https:\/\/www.novosertao.org.br\/wp-content\/uploads\/2025\/04\/row-1-column-10-1-819x1024.png\" alt=\"\" class=\"wp-image-4948\" style=\"width:218px;height:auto\" srcset=\"https:\/\/www.novosertao.org.br\/wp-content\/uploads\/2025\/04\/row-1-column-10-1-819x1024.png 819w, https:\/\/www.novosertao.org.br\/wp-content\/uploads\/2025\/04\/row-1-column-10-1-240x300.png 240w, https:\/\/www.novosertao.org.br\/wp-content\/uploads\/2025\/04\/row-1-column-10-1-768x960.png 768w, https:\/\/www.novosertao.org.br\/wp-content\/uploads\/2025\/04\/row-1-column-10-1-10x12.png 10w, https:\/\/www.novosertao.org.br\/wp-content\/uploads\/2025\/04\/row-1-column-10-1.png 1080w\" sizes=\"(max-width: 819px) 100vw, 819px\" \/><figcaption class=\"wp-element-caption\">Regiane, antes aluna hoje Educadora.<\/figcaption><\/figure>\n<\/div>\n\n<div class=\"wp-block-image\">\n<figure class=\"alignleft size-large is-resized\"><img loading=\"lazy\" decoding=\"async\" width=\"819\" height=\"1024\" src=\"https:\/\/www.novosertao.org.br\/wp-content\/uploads\/2025\/04\/row-1-column-5-1-819x1024.png\" alt=\"\" class=\"wp-image-4947\" style=\"width:217px;height:auto\" srcset=\"https:\/\/www.novosertao.org.br\/wp-content\/uploads\/2025\/04\/row-1-column-5-1-819x1024.png 819w, https:\/\/www.novosertao.org.br\/wp-content\/uploads\/2025\/04\/row-1-column-5-1-240x300.png 240w, https:\/\/www.novosertao.org.br\/wp-content\/uploads\/2025\/04\/row-1-column-5-1-768x960.png 768w, https:\/\/www.novosertao.org.br\/wp-content\/uploads\/2025\/04\/row-1-column-5-1-10x12.png 10w, https:\/\/www.novosertao.org.br\/wp-content\/uploads\/2025\/04\/row-1-column-5-1.png 1080w\" sizes=\"(max-width: 819px) 100vw, 819px\" \/><figcaption class=\"wp-element-caption\">Rosinalva, Educadora do Quintais Produtivos<\/figcaption><\/figure>\n<\/div>\n\n\n<div class=\"wp-block-group is-nowrap is-layout-flex wp-container-core-group-is-layout-ad2f72ca wp-block-group-is-layout-flex\">\n<p class=\"has-text-align-left\">S\u00e3o hist\u00f3rias como a da Regiane, que come\u00e7ou as aulas de m\u00fasica sem imaginar que, anos depois, se tornaria Educadora no mesmo projeto onde tudo come\u00e7ou. Da mesma forma, temos o exemplo da Dona Rosinalva, agricultora que iniciou com um pequeno Quintal Produtivo e, hoje, consegue arcar com as despesas da casa gra\u00e7as ao valor das vendas da produ\u00e7\u00e3o excedente. Al\u00e9m disso, ao longo dos anos, recebemos in\u00fameros depoimentos inspiradores.<\/p>\n<\/div>\n\n\n\n<p><\/p>\n\n\n\n<p>Um deles \u00e9 o de um dos nossos jovens atendidos:<\/p>\n\n\n\n<blockquote class=\"wp-block-quote is-layout-flow wp-block-quote-is-layout-flow\">\n<p><em>&#8220;O Instituto Novo Sert\u00e3o mudou minha vida. Aqui eu aprendi que o Sert\u00e3o tem valor, que eu tenho valor.&#8221;<\/em><\/p>\n<\/blockquote>\n\n\n\n<p>Dessa forma, vemos que a transforma\u00e7\u00e3o n\u00e3o est\u00e3o apenas nos n\u00fameros \u2014 ela est\u00e1 no sorriso de cada crian\u00e7a, na esperan\u00e7a renovada de cada fam\u00edlia, na for\u00e7a de uma comunidade que acredita no poder da mudan\u00e7a e da uni\u00e3o.<\/p>\n\n\n<div class=\"wp-block-image\">\n<figure class=\"aligncenter size-large is-resized\"><img loading=\"lazy\" decoding=\"async\" width=\"1024\" height=\"683\" src=\"https:\/\/www.novosertao.org.br\/wp-content\/uploads\/2025\/04\/A002_12040902_E805.00_00_04_23.Quadro033-1024x683.jpg\" alt=\"\" class=\"wp-image-4960\" style=\"width:498px;height:auto\" srcset=\"https:\/\/www.novosertao.org.br\/wp-content\/uploads\/2025\/04\/A002_12040902_E805.00_00_04_23.Quadro033-1024x683.jpg 1024w, https:\/\/www.novosertao.org.br\/wp-content\/uploads\/2025\/04\/A002_12040902_E805.00_00_04_23.Quadro033-300x200.jpg 300w, https:\/\/www.novosertao.org.br\/wp-content\/uploads\/2025\/04\/A002_12040902_E805.00_00_04_23.Quadro033-768x512.jpg 768w, https:\/\/www.novosertao.org.br\/wp-content\/uploads\/2025\/04\/A002_12040902_E805.00_00_04_23.Quadro033-1536x1024.jpg 1536w, https:\/\/www.novosertao.org.br\/wp-content\/uploads\/2025\/04\/A002_12040902_E805.00_00_04_23.Quadro033-2048x1365.jpg 2048w, https:\/\/www.novosertao.org.br\/wp-content\/uploads\/2025\/04\/A002_12040902_E805.00_00_04_23.Quadro033-18x12.jpg 18w\" sizes=\"(max-width: 1024px) 100vw, 1024px\" \/><\/figure>\n<\/div>\n\n\n<h4 class=\"wp-block-heading\">E o melhor de tudo? Voc\u00ea faz parte disso!<\/h4>\n\n\n\n<p>Nada disso seria poss\u00edvel sem o apoio de pessoas como voc\u00ea. Seja por meio de doa\u00e7\u00f5es, voluntariado, compartilhamento de conte\u00fado ou simplesmente acreditando no nosso trabalho \u2014 voc\u00ea faz parte dessa hist\u00f3ria de transforma\u00e7\u00e3o.<\/p>\n\n\n\n<h5 class=\"wp-block-heading\">Vamos celebrar juntos?<\/h5>\n\n\n\n<p><strong>Queremos te convidar a celebrar conosco.<\/strong> Sua participa\u00e7\u00e3o, agora mais do que nunca, \u00e9 essencial para que os pr\u00f3ximos 10 anos sejam ainda mais transformadores.<\/p>\n\n\n\n<p><strong>Juntos, podemos continuar construindo um Sert\u00e3o mais justo, mais forte e mais vivo.<\/strong><\/p>\n\n\n\n<p>Vamos juntos por um Sert\u00e3o transformado!<\/p>\n\n\n<div class=\"is-default-size wp-block-site-logo\"><a href=\"https:\/\/www.novosertao.org.br\/en\/\" class=\"custom-logo-link\" rel=\"home\"><img loading=\"lazy\" decoding=\"async\" width=\"242\" height=\"86\" src=\"https:\/\/www.novosertao.org.br\/wp-content\/uploads\/2022\/04\/logo-header.png\" class=\"custom-logo\" alt=\"Novo Sert\u00e3o\" srcset=\"https:\/\/www.novosertao.org.br\/wp-content\/uploads\/2022\/04\/logo-header.png 242w, https:\/\/www.novosertao.org.br\/wp-content\/uploads\/2022\/04\/logo-header-18x6.png 18w\" sizes=\"(max-width: 242px) 100vw, 242px\" \/><\/a><\/div>\n\n\n<figure class=\"wp-block-embed is-type-video is-provider-youtube wp-block-embed-youtube wp-embed-aspect-16-9 wp-has-aspect-ratio\"><div class=\"wp-block-embed__wrapper\">\n<iframe title=\"NOVIDADE NO AR | VOC\u00ca N\u00c3O PODE PERDER ISSO!\" width=\"640\" height=\"360\" src=\"https:\/\/www.youtube.com\/embed\/KHrEHlx-_78?feature=oembed\" frameborder=\"0\" allow=\"accelerometer; autoplay; clipboard-write; encrypted-media; gyroscope; picture-in-picture; web-share\" referrerpolicy=\"strict-origin-when-cross-origin\" allowfullscreen><\/iframe>\n<\/div><\/figure>\n\n\n\n<p><\/p>","protected":false},"excerpt":{"rendered":"<p>10 Anos de Novo Sert\u00e3o: Uma D\u00e9cada de Transforma\u00e7\u00e3o no Sert\u00e3o Nordestino! Em 2025, o Instituto Novo Sert\u00e3o completa 10 anos de exist\u00eancia. Uma d\u00e9cada inteira dedicada \u00e0 transforma\u00e7\u00e3o de vidas, sonhos e hist\u00f3rias no cora\u00e7\u00e3o do Sert\u00e3o Nordestino. Para n\u00f3s, celebrar 10 anos n\u00e3o \u00e9 apenas olhar para o passado, mas tamb\u00e9m reconhecer tudo&hellip; <a class=\"continue\" href=\"https:\/\/www.novosertao.org.br\/en\/noticias\/instituto-novo-sertao-completa-10-anos-de-transformaca-social-no-sertao-nordestino\/\">Continue lendo<span> 10 Years of Novo Sert\u00e3o: A Decade of Transformation in the Northeastern Sert\u00e3o<\/span><\/a><\/p>","protected":false},"author":1,"featured_media":4949,"comment_status":"closed","ping_status":"closed","sticky":false,"template":"","format":"standard","meta":{"footnotes":""},"categories":[36],"tags":[66,59,61,60,80],"class_list":["post-4935","post","type-post","status-publish","format-standard","has-post-thumbnail","hentry","category-noticias","tag-agricultura","tag-agua","tag-nordeste","tag-sertao","tag-transformacao"],"yoast_head":"<!-- This site is optimized with the Yoast SEO plugin v27.5 - https:\/\/yoast.com\/product\/yoast-seo-wordpress\/ -->\n<title>Transforma\u00e7\u00e3o: Uma d\u00e9cada transformando o Sert\u00e3o Nordestino<\/title>\n<meta name=\"description\" content=\"Celebramos 10 anos de transforma\u00e7\u00e3o no Sert\u00e3o Nordestino atrav\u00e9s da educa\u00e7\u00e3o, cultura, esporte e gera\u00e7\u00e3o de renda!\" \/>\n<meta name=\"robots\" content=\"index, follow, max-snippet:-1, max-image-preview:large, max-video-preview:-1\" \/>\n<link rel=\"canonical\" href=\"https:\/\/www.novosertao.org.br\/en\/noticias\/instituto-novo-sertao-completa-10-anos-de-transformaca-social-no-sertao-nordestino\/\" \/>\n<meta name=\"twitter:card\" content=\"summary_large_image\" \/>\n<meta name=\"twitter:title\" content=\"Transforma\u00e7\u00e3o: Uma d\u00e9cada transformando o Sert\u00e3o Nordestino\" \/>\n<meta name=\"twitter:description\" content=\"Celebramos 10 anos de transforma\u00e7\u00e3o no Sert\u00e3o Nordestino atrav\u00e9s da educa\u00e7\u00e3o, cultura, esporte e gera\u00e7\u00e3o de renda!\" \/>\n<meta name=\"twitter:image\" content=\"https:\/\/www.novosertao.org.br\/wp-content\/uploads\/2025\/04\/IMG_2674-1.png\" \/>\n<meta name=\"twitter:label1\" content=\"Written by\" \/>\n\t<meta name=\"twitter:data1\" content=\"novosertao\" \/>\n\t<meta name=\"twitter:label2\" content=\"Est. reading time\" \/>\n\t<meta name=\"twitter:data2\" content=\"5 minutes\" \/>\n<script type=\"application\/ld+json\" class=\"yoast-schema-graph\">{\"@context\":\"https:\\\/\\\/schema.org\",\"@graph\":[{\"@type\":\"Article\",\"@id\":\"https:\\\/\\\/www.novosertao.org.br\\\/noticias\\\/instituto-novo-sertao-completa-10-anos-de-transformaca-social-no-sertao-nordestino\\\/#article\",\"isPartOf\":{\"@id\":\"https:\\\/\\\/www.novosertao.org.br\\\/noticias\\\/instituto-novo-sertao-completa-10-anos-de-transformaca-social-no-sertao-nordestino\\\/\"},\"author\":{\"name\":\"novosertao\",\"@id\":\"https:\\\/\\\/www.novosertao.org.br\\\/#\\\/schema\\\/person\\\/97e1c5a3d35172433b76bcb3ae49d328\"},\"headline\":\"10 Anos de Novo Sert\u00e3o: Uma D\u00e9cada de Transforma\u00e7\u00e3o no Sert\u00e3o Nordestino\",\"datePublished\":\"2025-04-14T13:45:38+00:00\",\"dateModified\":\"2025-04-14T13:49:19+00:00\",\"mainEntityOfPage\":{\"@id\":\"https:\\\/\\\/www.novosertao.org.br\\\/noticias\\\/instituto-novo-sertao-completa-10-anos-de-transformaca-social-no-sertao-nordestino\\\/\"},\"wordCount\":689,\"publisher\":{\"@id\":\"https:\\\/\\\/www.novosertao.org.br\\\/#organization\"},\"image\":{\"@id\":\"https:\\\/\\\/www.novosertao.org.br\\\/noticias\\\/instituto-novo-sertao-completa-10-anos-de-transformaca-social-no-sertao-nordestino\\\/#primaryimage\"},\"thumbnailUrl\":\"https:\\\/\\\/www.novosertao.org.br\\\/wp-content\\\/uploads\\\/2025\\\/04\\\/IMG_2674-1.png\",\"keywords\":[\"agricultura\",\"\u00e1gua\",\"nordeste\",\"sert\u00e3o\",\"transforma\u00e7\u00e3o\"],\"articleSection\":[\"Not\u00edcias\"],\"inLanguage\":\"en-US\"},{\"@type\":\"WebPage\",\"@id\":\"https:\\\/\\\/www.novosertao.org.br\\\/noticias\\\/instituto-novo-sertao-completa-10-anos-de-transformaca-social-no-sertao-nordestino\\\/\",\"url\":\"https:\\\/\\\/www.novosertao.org.br\\\/noticias\\\/instituto-novo-sertao-completa-10-anos-de-transformaca-social-no-sertao-nordestino\\\/\",\"name\":\"Transforma\u00e7\u00e3o: Uma d\u00e9cada transformando o Sert\u00e3o Nordestino\",\"isPartOf\":{\"@id\":\"https:\\\/\\\/www.novosertao.org.br\\\/#website\"},\"primaryImageOfPage\":{\"@id\":\"https:\\\/\\\/www.novosertao.org.br\\\/noticias\\\/instituto-novo-sertao-completa-10-anos-de-transformaca-social-no-sertao-nordestino\\\/#primaryimage\"},\"image\":{\"@id\":\"https:\\\/\\\/www.novosertao.org.br\\\/noticias\\\/instituto-novo-sertao-completa-10-anos-de-transformaca-social-no-sertao-nordestino\\\/#primaryimage\"},\"thumbnailUrl\":\"https:\\\/\\\/www.novosertao.org.br\\\/wp-content\\\/uploads\\\/2025\\\/04\\\/IMG_2674-1.png\",\"datePublished\":\"2025-04-14T13:45:38+00:00\",\"dateModified\":\"2025-04-14T13:49:19+00:00\",\"description\":\"Celebramos 10 anos de transforma\u00e7\u00e3o no Sert\u00e3o Nordestino atrav\u00e9s da educa\u00e7\u00e3o, cultura, esporte e gera\u00e7\u00e3o de renda!\",\"breadcrumb\":{\"@id\":\"https:\\\/\\\/www.novosertao.org.br\\\/noticias\\\/instituto-novo-sertao-completa-10-anos-de-transformaca-social-no-sertao-nordestino\\\/#breadcrumb\"},\"inLanguage\":\"en-US\",\"potentialAction\":[{\"@type\":\"ReadAction\",\"target\":[\"https:\\\/\\\/www.novosertao.org.br\\\/noticias\\\/instituto-novo-sertao-completa-10-anos-de-transformaca-social-no-sertao-nordestino\\\/\"]}]},{\"@type\":\"ImageObject\",\"inLanguage\":\"en-US\",\"@id\":\"https:\\\/\\\/www.novosertao.org.br\\\/noticias\\\/instituto-novo-sertao-completa-10-anos-de-transformaca-social-no-sertao-nordestino\\\/#primaryimage\",\"url\":\"https:\\\/\\\/www.novosertao.org.br\\\/wp-content\\\/uploads\\\/2025\\\/04\\\/IMG_2674-1.png\",\"contentUrl\":\"https:\\\/\\\/www.novosertao.org.br\\\/wp-content\\\/uploads\\\/2025\\\/04\\\/IMG_2674-1.png\",\"width\":4032,\"height\":2268,\"caption\":\"Aula de canto coral.\"},{\"@type\":\"BreadcrumbList\",\"@id\":\"https:\\\/\\\/www.novosertao.org.br\\\/noticias\\\/instituto-novo-sertao-completa-10-anos-de-transformaca-social-no-sertao-nordestino\\\/#breadcrumb\",\"itemListElement\":[{\"@type\":\"ListItem\",\"position\":1,\"name\":\"In\u00edcio\",\"item\":\"https:\\\/\\\/www.novosertao.org.br\\\/\"},{\"@type\":\"ListItem\",\"position\":2,\"name\":\"10 Anos de Novo Sert\u00e3o: Uma D\u00e9cada de Transforma\u00e7\u00e3o no Sert\u00e3o Nordestino\"}]},{\"@type\":\"WebSite\",\"@id\":\"https:\\\/\\\/www.novosertao.org.br\\\/#website\",\"url\":\"https:\\\/\\\/www.novosertao.org.br\\\/\",\"name\":\"Novo Sert\u00e3o\",\"description\":\"Juntos pelo Sert\u00e3o\",\"publisher\":{\"@id\":\"https:\\\/\\\/www.novosertao.org.br\\\/#organization\"},\"potentialAction\":[{\"@type\":\"SearchAction\",\"target\":{\"@type\":\"EntryPoint\",\"urlTemplate\":\"https:\\\/\\\/www.novosertao.org.br\\\/?s={search_term_string}\"},\"query-input\":{\"@type\":\"PropertyValueSpecification\",\"valueRequired\":true,\"valueName\":\"search_term_string\"}}],\"inLanguage\":\"en-US\"},{\"@type\":\"Organization\",\"@id\":\"https:\\\/\\\/www.novosertao.org.br\\\/#organization\",\"name\":\"Novo Sert\u00e3o\",\"url\":\"https:\\\/\\\/www.novosertao.org.br\\\/\",\"logo\":{\"@type\":\"ImageObject\",\"inLanguage\":\"en-US\",\"@id\":\"https:\\\/\\\/www.novosertao.org.br\\\/#\\\/schema\\\/logo\\\/image\\\/\",\"url\":\"https:\\\/\\\/www.novosertao.org.br\\\/wp-content\\\/uploads\\\/2022\\\/04\\\/logo-header.png\",\"contentUrl\":\"https:\\\/\\\/www.novosertao.org.br\\\/wp-content\\\/uploads\\\/2022\\\/04\\\/logo-header.png\",\"width\":242,\"height\":86,\"caption\":\"Novo Sert\u00e3o\"},\"image\":{\"@id\":\"https:\\\/\\\/www.novosertao.org.br\\\/#\\\/schema\\\/logo\\\/image\\\/\"},\"sameAs\":[\"https:\\\/\\\/www.facebook.com\\\/nvsertao\\\/\",\"https:\\\/\\\/www.instagram.com\\\/novo_sertao\\\/\",\"https:\\\/\\\/www.youtube.com\\\/c\\\/INSTITUTONOVOSERTO\",\"https:\\\/\\\/www.linkedin.com\\\/company\\\/instituto-novo-serto\\\/\"]},{\"@type\":\"Person\",\"@id\":\"https:\\\/\\\/www.novosertao.org.br\\\/#\\\/schema\\\/person\\\/97e1c5a3d35172433b76bcb3ae49d328\",\"name\":\"novosertao\",\"sameAs\":[\"https:\\\/\\\/novosertao.org.br\"],\"url\":\"https:\\\/\\\/www.novosertao.org.br\\\/en\\\/author\\\/novosertao\\\/\"}]}<\/script>\n<!-- \/ Yoast SEO plugin. -->","yoast_head_json":{"title":"Transforma\u00e7\u00e3o: Uma d\u00e9cada transformando o Sert\u00e3o Nordestino","description":"Celebramos 10 anos de transforma\u00e7\u00e3o no Sert\u00e3o Nordestino atrav\u00e9s da educa\u00e7\u00e3o, cultura, esporte e gera\u00e7\u00e3o de renda!","robots":{"index":"index","follow":"follow","max-snippet":"max-snippet:-1","max-image-preview":"max-image-preview:large","max-video-preview":"max-video-preview:-1"},"canonical":"https:\/\/www.novosertao.org.br\/en\/noticias\/instituto-novo-sertao-completa-10-anos-de-transformaca-social-no-sertao-nordestino\/","twitter_card":"summary_large_image","twitter_title":"Transforma\u00e7\u00e3o: Uma d\u00e9cada transformando o Sert\u00e3o Nordestino","twitter_description":"Celebramos 10 anos de transforma\u00e7\u00e3o no Sert\u00e3o Nordestino atrav\u00e9s da educa\u00e7\u00e3o, cultura, esporte e gera\u00e7\u00e3o de renda!","twitter_image":"https:\/\/www.novosertao.org.br\/wp-content\/uploads\/2025\/04\/IMG_2674-1.png","twitter_misc":{"Written by":"novosertao","Est. reading time":"5 minutes"},"schema":{"@context":"https:\/\/schema.org","@graph":[{"@type":"Article","@id":"https:\/\/www.novosertao.org.br\/noticias\/instituto-novo-sertao-completa-10-anos-de-transformaca-social-no-sertao-nordestino\/#article","isPartOf":{"@id":"https:\/\/www.novosertao.org.br\/noticias\/instituto-novo-sertao-completa-10-anos-de-transformaca-social-no-sertao-nordestino\/"},"author":{"name":"novosertao","@id":"https:\/\/www.novosertao.org.br\/#\/schema\/person\/97e1c5a3d35172433b76bcb3ae49d328"},"headline":"10 Anos de Novo Sert\u00e3o: Uma D\u00e9cada de Transforma\u00e7\u00e3o no Sert\u00e3o Nordestino","datePublished":"2025-04-14T13:45:38+00:00","dateModified":"2025-04-14T13:49:19+00:00","mainEntityOfPage":{"@id":"https:\/\/www.novosertao.org.br\/noticias\/instituto-novo-sertao-completa-10-anos-de-transformaca-social-no-sertao-nordestino\/"},"wordCount":689,"publisher":{"@id":"https:\/\/www.novosertao.org.br\/#organization"},"image":{"@id":"https:\/\/www.novosertao.org.br\/noticias\/instituto-novo-sertao-completa-10-anos-de-transformaca-social-no-sertao-nordestino\/#primaryimage"},"thumbnailUrl":"https:\/\/www.novosertao.org.br\/wp-content\/uploads\/2025\/04\/IMG_2674-1.png","keywords":["agricultura","\u00e1gua","nordeste","sert\u00e3o","transforma\u00e7\u00e3o"],"articleSection":["Not\u00edcias"],"inLanguage":"en-US"},{"@type":"WebPage","@id":"https:\/\/www.novosertao.org.br\/noticias\/instituto-novo-sertao-completa-10-anos-de-transformaca-social-no-sertao-nordestino\/","url":"https:\/\/www.novosertao.org.br\/noticias\/instituto-novo-sertao-completa-10-anos-de-transformaca-social-no-sertao-nordestino\/","name":"Transforma\u00e7\u00e3o: Uma d\u00e9cada transformando o Sert\u00e3o Nordestino","isPartOf":{"@id":"https:\/\/www.novosertao.org.br\/#website"},"primaryImageOfPage":{"@id":"https:\/\/www.novosertao.org.br\/noticias\/instituto-novo-sertao-completa-10-anos-de-transformaca-social-no-sertao-nordestino\/#primaryimage"},"image":{"@id":"https:\/\/www.novosertao.org.br\/noticias\/instituto-novo-sertao-completa-10-anos-de-transformaca-social-no-sertao-nordestino\/#primaryimage"},"thumbnailUrl":"https:\/\/www.novosertao.org.br\/wp-content\/uploads\/2025\/04\/IMG_2674-1.png","datePublished":"2025-04-14T13:45:38+00:00","dateModified":"2025-04-14T13:49:19+00:00","description":"Celebramos 10 anos de transforma\u00e7\u00e3o no Sert\u00e3o Nordestino atrav\u00e9s da educa\u00e7\u00e3o, cultura, esporte e gera\u00e7\u00e3o de renda!","breadcrumb":{"@id":"https:\/\/www.novosertao.org.br\/noticias\/instituto-novo-sertao-completa-10-anos-de-transformaca-social-no-sertao-nordestino\/#breadcrumb"},"inLanguage":"en-US","potentialAction":[{"@type":"ReadAction","target":["https:\/\/www.novosertao.org.br\/noticias\/instituto-novo-sertao-completa-10-anos-de-transformaca-social-no-sertao-nordestino\/"]}]},{"@type":"ImageObject","inLanguage":"en-US","@id":"https:\/\/www.novosertao.org.br\/noticias\/instituto-novo-sertao-completa-10-anos-de-transformaca-social-no-sertao-nordestino\/#primaryimage","url":"https:\/\/www.novosertao.org.br\/wp-content\/uploads\/2025\/04\/IMG_2674-1.png","contentUrl":"https:\/\/www.novosertao.org.br\/wp-content\/uploads\/2025\/04\/IMG_2674-1.png","width":4032,"height":2268,"caption":"Aula de canto coral."},{"@type":"BreadcrumbList","@id":"https:\/\/www.novosertao.org.br\/noticias\/instituto-novo-sertao-completa-10-anos-de-transformaca-social-no-sertao-nordestino\/#breadcrumb","itemListElement":[{"@type":"ListItem","position":1,"name":"In\u00edcio","item":"https:\/\/www.novosertao.org.br\/"},{"@type":"ListItem","position":2,"name":"10 Anos de Novo Sert\u00e3o: Uma D\u00e9cada de Transforma\u00e7\u00e3o no Sert\u00e3o Nordestino"}]},{"@type":"WebSite","@id":"https:\/\/www.novosertao.org.br\/#website","url":"https:\/\/www.novosertao.org.br\/","name":"New Sert\u00e3o","description":"Together for the Sert\u00e3o","publisher":{"@id":"https:\/\/www.novosertao.org.br\/#organization"},"potentialAction":[{"@type":"SearchAction","target":{"@type":"EntryPoint","urlTemplate":"https:\/\/www.novosertao.org.br\/?s={search_term_string}"},"query-input":{"@type":"PropertyValueSpecification","valueRequired":true,"valueName":"search_term_string"}}],"inLanguage":"en-US"},{"@type":"Organization","@id":"https:\/\/www.novosertao.org.br\/#organization","name":"New Sert\u00e3o","url":"https:\/\/www.novosertao.org.br\/","logo":{"@type":"ImageObject","inLanguage":"en-US","@id":"https:\/\/www.novosertao.org.br\/#\/schema\/logo\/image\/","url":"https:\/\/www.novosertao.org.br\/wp-content\/uploads\/2022\/04\/logo-header.png","contentUrl":"https:\/\/www.novosertao.org.br\/wp-content\/uploads\/2022\/04\/logo-header.png","width":242,"height":86,"caption":"Novo Sert\u00e3o"},"image":{"@id":"https:\/\/www.novosertao.org.br\/#\/schema\/logo\/image\/"},"sameAs":["https:\/\/www.facebook.com\/nvsertao\/","https:\/\/www.instagram.com\/novo_sertao\/","https:\/\/www.youtube.com\/c\/INSTITUTONOVOSERTO","https:\/\/www.linkedin.com\/company\/instituto-novo-serto\/"]},{"@type":"Person","@id":"https:\/\/www.novosertao.org.br\/#\/schema\/person\/97e1c5a3d35172433b76bcb3ae49d328","name":"novosertao","sameAs":["https:\/\/novosertao.org.br"],"url":"https:\/\/www.novosertao.org.br\/en\/author\/novosertao\/"}]}},"_links":{"self":[{"href":"https:\/\/www.novosertao.org.br\/en\/wp-json\/wp\/v2\/posts\/4935","targetHints":{"allow":["GET"]}}],"collection":[{"href":"https:\/\/www.novosertao.org.br\/en\/wp-json\/wp\/v2\/posts"}],"about":[{"href":"https:\/\/www.novosertao.org.br\/en\/wp-json\/wp\/v2\/types\/post"}],"author":[{"embeddable":true,"href":"https:\/\/www.novosertao.org.br\/en\/wp-json\/wp\/v2\/users\/1"}],"replies":[{"embeddable":true,"href":"https:\/\/www.novosertao.org.br\/en\/wp-json\/wp\/v2\/comments?post=4935"}],"version-history":[{"count":10,"href":"https:\/\/www.novosertao.org.br\/en\/wp-json\/wp\/v2\/posts\/4935\/revisions"}],"predecessor-version":[{"id":5030,"href":"https:\/\/www.novosertao.org.br\/en\/wp-json\/wp\/v2\/posts\/4935\/revisions\/5030"}],"wp:featuredmedia":[{"embeddable":true,"href":"https:\/\/www.novosertao.org.br\/en\/wp-json\/wp\/v2\/media\/4949"}],"wp:attachment":[{"href":"https:\/\/www.novosertao.org.br\/en\/wp-json\/wp\/v2\/media?parent=4935"}],"wp:term":[{"taxonomy":"category","embeddable":true,"href":"https:\/\/www.novosertao.org.br\/en\/wp-json\/wp\/v2\/categories?post=4935"},{"taxonomy":"post_tag","embeddable":true,"href":"https:\/\/www.novosertao.org.br\/en\/wp-json\/wp\/v2\/tags?post=4935"}],"curies":[{"name":"wp","href":"https:\/\/api.w.org\/{rel}","templated":true}]}}